{"id":19294,"date":"2022-04-15T17:36:00","date_gmt":"2022-04-15T15:36:00","guid":{"rendered":"https:\/\/tzvz.simetrys.info\/garestin\/"},"modified":"2025-02-26T11:12:50","modified_gmt":"2025-02-26T10:12:50","slug":"garestin","status":"publish","type":"post","link":"https:\/\/visitvarazdin.hr\/de\/garestin\/","title":{"rendered":"GARESTIN"},"content":{"rendered":"\n<p>Unweit des Stadtzentrums befindet sich das G\u00e4stehaus Garestin, Kategorie Komfor, dessen Name auch der Vorname der Stadt Vara\u017edin ist. Es befindet sich in den R\u00e4umlichkeiten eines alten Familienhauses in Vara\u017edin, zu dem auch eine Innenhofterrasse geh\u00f6rt, die mit ihrer Anordnung aus Blumen und Gr\u00fcnpflanzen f\u00fcr eine wirklich heimelige Atmosph\u00e4re sorgt.<\/p>\n\n\n\n<p>Anzahl der Zimmer: 13<br>Anzahl Betten: 18<\/p>\n","protected":false},"excerpt":{"rendered":"<p>Unweit des Stadtzentrums befindet sich das G\u00e4stehaus Garestin, Kategorie Komfor, dessen Name auch der Vorname der Stadt Vara\u017edin ist. Es befindet sich in den R\u00e4umlichkeiten eines alten Familienhauses in Vara\u017edin, zu dem auch eine Innenhofterrasse geh\u00f6rt, die mit ihrer Anordnung aus Blumen und Gr\u00fcnpflanzen f\u00fcr eine wirklich heimelige Atmosph\u00e4re sorgt. Anzahl der Zimmer: 13Anzahl Betten: [&hellip;]<\/p>\n","protected":false},"author":1,"featured_media":0,"comment_status":"closed","ping_status":"closed","sticky":false,"template":"","format":"standard","meta":{"_acf_changed":false,"footnotes":""},"categories":[44],"tags":[],"class_list":["post-19294","post","type-post","status-publish","format-standard","hentry","category-smjestaj-de"],"acf":[],"yoast_head":"<!-- This site is optimized with the Yoast SEO plugin v27.4 - https:\/\/yoast.com\/product\/yoast-seo-wordpress\/ -->\n<title>GARESTIN - Turisti\u010dka zajednica grada Vara\u017edina<\/title>\n<meta name=\"description\" content=\"Nedaleko od centra grada nalazi se restoran i pansion Garestin, kategorije Komfor, \u010dije ime je ujedno i prvi naziv za grad Vara\u017edin.\" \/>\n<meta name=\"robots\" content=\"index, follow, max-snippet:-1, max-image-preview:large, max-video-preview:-1\" \/>\n<link rel=\"canonical\" href=\"https:\/\/visitvarazdin.hr\/de\/garestin\/\" \/>\n<meta property=\"og:locale\" content=\"de_DE\" \/>\n<meta property=\"og:type\" content=\"article\" \/>\n<meta property=\"og:title\" content=\"GARESTIN - Turisti\u010dka zajednica grada Vara\u017edina\" \/>\n<meta property=\"og:description\" content=\"Nedaleko od centra grada nalazi se restoran i pansion Garestin, kategorije Komfor, \u010dije ime je ujedno i prvi naziv za grad Vara\u017edin.\" \/>\n<meta property=\"og:url\" content=\"https:\/\/visitvarazdin.hr\/de\/garestin\/\" \/>\n<meta property=\"og:site_name\" content=\"Turisti\u010dka zajednica grada Vara\u017edina\" \/>\n<meta property=\"article:published_time\" content=\"2022-04-15T15:36:00+00:00\" \/>\n<meta property=\"article:modified_time\" content=\"2025-02-26T10:12:50+00:00\" \/>\n<meta name=\"author\" content=\"AdminTZVZ\" \/>\n<meta name=\"twitter:card\" content=\"summary_large_image\" \/>\n<meta name=\"twitter:label1\" content=\"Verfasst von\" \/>\n\t<meta name=\"twitter:data1\" content=\"AdminTZVZ\" \/>\n\t<meta name=\"twitter:label2\" content=\"Gesch\u00e4tzte Lesezeit\" \/>\n\t<meta name=\"twitter:data2\" content=\"1\u00a0Minute\" \/>\n<script type=\"application\/ld+json\" class=\"yoast-schema-graph\">{\"@context\":\"https:\\\/\\\/schema.org\",\"@graph\":[{\"@type\":\"Article\",\"@id\":\"https:\\\/\\\/visitvarazdin.hr\\\/de\\\/garestin\\\/#article\",\"isPartOf\":{\"@id\":\"https:\\\/\\\/visitvarazdin.hr\\\/de\\\/garestin\\\/\"},\"author\":{\"name\":\"AdminTZVZ\",\"@id\":\"https:\\\/\\\/visitvarazdin.hr\\\/de\\\/#\\\/schema\\\/person\\\/5a3ab1228dbb26b4dbbde0c2a42860fb\"},\"headline\":\"GARESTIN\",\"datePublished\":\"2022-04-15T15:36:00+00:00\",\"dateModified\":\"2025-02-26T10:12:50+00:00\",\"mainEntityOfPage\":{\"@id\":\"https:\\\/\\\/visitvarazdin.hr\\\/de\\\/garestin\\\/\"},\"wordCount\":64,\"publisher\":{\"@id\":\"https:\\\/\\\/visitvarazdin.hr\\\/de\\\/#organization\"},\"articleSection\":[\"Smje\u0161taj\"],\"inLanguage\":\"de\"},{\"@type\":\"WebPage\",\"@id\":\"https:\\\/\\\/visitvarazdin.hr\\\/de\\\/garestin\\\/\",\"url\":\"https:\\\/\\\/visitvarazdin.hr\\\/de\\\/garestin\\\/\",\"name\":\"GARESTIN - Turisti\u010dka zajednica grada Vara\u017edina\",\"isPartOf\":{\"@id\":\"https:\\\/\\\/visitvarazdin.hr\\\/de\\\/#website\"},\"datePublished\":\"2022-04-15T15:36:00+00:00\",\"dateModified\":\"2025-02-26T10:12:50+00:00\",\"description\":\"Nedaleko od centra grada nalazi se restoran i pansion Garestin, kategorije Komfor, \u010dije ime je ujedno i prvi naziv za grad Vara\u017edin.\",\"breadcrumb\":{\"@id\":\"https:\\\/\\\/visitvarazdin.hr\\\/de\\\/garestin\\\/#breadcrumb\"},\"inLanguage\":\"de\",\"potentialAction\":[{\"@type\":\"ReadAction\",\"target\":[\"https:\\\/\\\/visitvarazdin.hr\\\/de\\\/garestin\\\/\"]}]},{\"@type\":\"BreadcrumbList\",\"@id\":\"https:\\\/\\\/visitvarazdin.hr\\\/de\\\/garestin\\\/#breadcrumb\",\"itemListElement\":[{\"@type\":\"ListItem\",\"position\":1,\"name\":\"Po\u010detna stranica\",\"item\":\"https:\\\/\\\/visitvarazdin.hr\\\/de\\\/\"},{\"@type\":\"ListItem\",\"position\":2,\"name\":\"GARESTIN\"}]},{\"@type\":\"WebSite\",\"@id\":\"https:\\\/\\\/visitvarazdin.hr\\\/de\\\/#website\",\"url\":\"https:\\\/\\\/visitvarazdin.hr\\\/de\\\/\",\"name\":\"Turisti\u010dka zajednica grada Vara\u017edina\",\"description\":\"\",\"publisher\":{\"@id\":\"https:\\\/\\\/visitvarazdin.hr\\\/de\\\/#organization\"},\"potentialAction\":[{\"@type\":\"SearchAction\",\"target\":{\"@type\":\"EntryPoint\",\"urlTemplate\":\"https:\\\/\\\/visitvarazdin.hr\\\/de\\\/?s={search_term_string}\"},\"query-input\":{\"@type\":\"PropertyValueSpecification\",\"valueRequired\":true,\"valueName\":\"search_term_string\"}}],\"inLanguage\":\"de\"},{\"@type\":\"Organization\",\"@id\":\"https:\\\/\\\/visitvarazdin.hr\\\/de\\\/#organization\",\"name\":\"Turisti\u010dka zajednica grada Vara\u017edina\",\"url\":\"https:\\\/\\\/visitvarazdin.hr\\\/de\\\/\",\"logo\":{\"@type\":\"ImageObject\",\"inLanguage\":\"de\",\"@id\":\"https:\\\/\\\/visitvarazdin.hr\\\/de\\\/#\\\/schema\\\/logo\\\/image\\\/\",\"url\":\"https:\\\/\\\/visitvarazdin.hr\\\/wp-content\\\/uploads\\\/2021\\\/10\\\/cropped-logo-tzgv-200-retina-189x200-1.png\",\"contentUrl\":\"https:\\\/\\\/visitvarazdin.hr\\\/wp-content\\\/uploads\\\/2021\\\/10\\\/cropped-logo-tzgv-200-retina-189x200-1.png\",\"width\":189,\"height\":200,\"caption\":\"Turisti\u010dka zajednica grada Vara\u017edina\"},\"image\":{\"@id\":\"https:\\\/\\\/visitvarazdin.hr\\\/de\\\/#\\\/schema\\\/logo\\\/image\\\/\"}},{\"@type\":\"Person\",\"@id\":\"https:\\\/\\\/visitvarazdin.hr\\\/de\\\/#\\\/schema\\\/person\\\/5a3ab1228dbb26b4dbbde0c2a42860fb\",\"name\":\"AdminTZVZ\",\"sameAs\":[\"https:\\\/\\\/visitvarazdin.hr\"],\"url\":\"https:\\\/\\\/visitvarazdin.hr\\\/de\\\/author\\\/admintzvz\\\/\"}]}<\/script>\n<!-- \/ Yoast SEO plugin. -->","yoast_head_json":{"title":"GARESTIN - Turisti\u010dka zajednica grada Vara\u017edina","description":"Nedaleko od centra grada nalazi se restoran i pansion Garestin, kategorije Komfor, \u010dije ime je ujedno i prvi naziv za grad Vara\u017edin.","robots":{"index":"index","follow":"follow","max-snippet":"max-snippet:-1","max-image-preview":"max-image-preview:large","max-video-preview":"max-video-preview:-1"},"canonical":"https:\/\/visitvarazdin.hr\/de\/garestin\/","og_locale":"de_DE","og_type":"article","og_title":"GARESTIN - Turisti\u010dka zajednica grada Vara\u017edina","og_description":"Nedaleko od centra grada nalazi se restoran i pansion Garestin, kategorije Komfor, \u010dije ime je ujedno i prvi naziv za grad Vara\u017edin.","og_url":"https:\/\/visitvarazdin.hr\/de\/garestin\/","og_site_name":"Turisti\u010dka zajednica grada Vara\u017edina","article_published_time":"2022-04-15T15:36:00+00:00","article_modified_time":"2025-02-26T10:12:50+00:00","author":"AdminTZVZ","twitter_card":"summary_large_image","twitter_misc":{"Verfasst von":"AdminTZVZ","Gesch\u00e4tzte Lesezeit":"1\u00a0Minute"},"schema":{"@context":"https:\/\/schema.org","@graph":[{"@type":"Article","@id":"https:\/\/visitvarazdin.hr\/de\/garestin\/#article","isPartOf":{"@id":"https:\/\/visitvarazdin.hr\/de\/garestin\/"},"author":{"name":"AdminTZVZ","@id":"https:\/\/visitvarazdin.hr\/de\/#\/schema\/person\/5a3ab1228dbb26b4dbbde0c2a42860fb"},"headline":"GARESTIN","datePublished":"2022-04-15T15:36:00+00:00","dateModified":"2025-02-26T10:12:50+00:00","mainEntityOfPage":{"@id":"https:\/\/visitvarazdin.hr\/de\/garestin\/"},"wordCount":64,"publisher":{"@id":"https:\/\/visitvarazdin.hr\/de\/#organization"},"articleSection":["Smje\u0161taj"],"inLanguage":"de"},{"@type":"WebPage","@id":"https:\/\/visitvarazdin.hr\/de\/garestin\/","url":"https:\/\/visitvarazdin.hr\/de\/garestin\/","name":"GARESTIN - Turisti\u010dka zajednica grada Vara\u017edina","isPartOf":{"@id":"https:\/\/visitvarazdin.hr\/de\/#website"},"datePublished":"2022-04-15T15:36:00+00:00","dateModified":"2025-02-26T10:12:50+00:00","description":"Nedaleko od centra grada nalazi se restoran i pansion Garestin, kategorije Komfor, \u010dije ime je ujedno i prvi naziv za grad Vara\u017edin.","breadcrumb":{"@id":"https:\/\/visitvarazdin.hr\/de\/garestin\/#breadcrumb"},"inLanguage":"de","potentialAction":[{"@type":"ReadAction","target":["https:\/\/visitvarazdin.hr\/de\/garestin\/"]}]},{"@type":"BreadcrumbList","@id":"https:\/\/visitvarazdin.hr\/de\/garestin\/#breadcrumb","itemListElement":[{"@type":"ListItem","position":1,"name":"Po\u010detna stranica","item":"https:\/\/visitvarazdin.hr\/de\/"},{"@type":"ListItem","position":2,"name":"GARESTIN"}]},{"@type":"WebSite","@id":"https:\/\/visitvarazdin.hr\/de\/#website","url":"https:\/\/visitvarazdin.hr\/de\/","name":"Turisti\u010dka zajednica grada Vara\u017edina","description":"","publisher":{"@id":"https:\/\/visitvarazdin.hr\/de\/#organization"},"potentialAction":[{"@type":"SearchAction","target":{"@type":"EntryPoint","urlTemplate":"https:\/\/visitvarazdin.hr\/de\/?s={search_term_string}"},"query-input":{"@type":"PropertyValueSpecification","valueRequired":true,"valueName":"search_term_string"}}],"inLanguage":"de"},{"@type":"Organization","@id":"https:\/\/visitvarazdin.hr\/de\/#organization","name":"Turisti\u010dka zajednica grada Vara\u017edina","url":"https:\/\/visitvarazdin.hr\/de\/","logo":{"@type":"ImageObject","inLanguage":"de","@id":"https:\/\/visitvarazdin.hr\/de\/#\/schema\/logo\/image\/","url":"https:\/\/visitvarazdin.hr\/wp-content\/uploads\/2021\/10\/cropped-logo-tzgv-200-retina-189x200-1.png","contentUrl":"https:\/\/visitvarazdin.hr\/wp-content\/uploads\/2021\/10\/cropped-logo-tzgv-200-retina-189x200-1.png","width":189,"height":200,"caption":"Turisti\u010dka zajednica grada Vara\u017edina"},"image":{"@id":"https:\/\/visitvarazdin.hr\/de\/#\/schema\/logo\/image\/"}},{"@type":"Person","@id":"https:\/\/visitvarazdin.hr\/de\/#\/schema\/person\/5a3ab1228dbb26b4dbbde0c2a42860fb","name":"AdminTZVZ","sameAs":["https:\/\/visitvarazdin.hr"],"url":"https:\/\/visitvarazdin.hr\/de\/author\/admintzvz\/"}]}},"_links":{"self":[{"href":"https:\/\/visitvarazdin.hr\/de\/wp-json\/wp\/v2\/posts\/19294","targetHints":{"allow":["GET"]}}],"collection":[{"href":"https:\/\/visitvarazdin.hr\/de\/wp-json\/wp\/v2\/posts"}],"about":[{"href":"https:\/\/visitvarazdin.hr\/de\/wp-json\/wp\/v2\/types\/post"}],"author":[{"embeddable":true,"href":"https:\/\/visitvarazdin.hr\/de\/wp-json\/wp\/v2\/users\/1"}],"replies":[{"embeddable":true,"href":"https:\/\/visitvarazdin.hr\/de\/wp-json\/wp\/v2\/comments?post=19294"}],"version-history":[{"count":3,"href":"https:\/\/visitvarazdin.hr\/de\/wp-json\/wp\/v2\/posts\/19294\/revisions"}],"predecessor-version":[{"id":29902,"href":"https:\/\/visitvarazdin.hr\/de\/wp-json\/wp\/v2\/posts\/19294\/revisions\/29902"}],"wp:attachment":[{"href":"https:\/\/visitvarazdin.hr\/de\/wp-json\/wp\/v2\/media?parent=19294"}],"wp:term":[{"taxonomy":"category","embeddable":true,"href":"https:\/\/visitvarazdin.hr\/de\/wp-json\/wp\/v2\/categories?post=19294"},{"taxonomy":"post_tag","embeddable":true,"href":"https:\/\/visitvarazdin.hr\/de\/wp-json\/wp\/v2\/tags?post=19294"}],"curies":[{"name":"wp","href":"https:\/\/api.w.org\/{rel}","templated":true}]}}