{"id":19322,"date":"2021-12-19T14:51:18","date_gmt":"2021-12-19T13:51:18","guid":{"rendered":"https:\/\/tzvz.simetrys.info\/sobe-marija\/"},"modified":"2025-03-29T11:13:55","modified_gmt":"2025-03-29T10:13:55","slug":"sobe-marija","status":"publish","type":"post","link":"https:\/\/visitvarazdin.hr\/de\/sobe-marija\/","title":{"rendered":"Zimmer Marija"},"content":{"rendered":"\n<p>Die Zimmer Marija befinden sich in Hra\u0161\u0107ica, 3,5 km vom Zentrum von Vara\u017edin entfernt. Das Objekt verf\u00fcgt \u00fcber zwei Doppelzimmer. Ein Zimmer mit einem Doppelbett und das andere Zimmer mit zwei Einzelbetten, die zusammengeschoben werden k\u00f6nnen. Jedes Zimmer verf\u00fcgt \u00fcber ein eigenes Bad, kostenloses WLAN, einen Fernseher, kostenlose Parkpl\u00e4tze im Hof \u200b\u200bund eine gemeinsame Lobby mit einem K\u00fchlschrank und einem Tisch. Im selben Geb\u00e4ude befindet sich das Restaurant \u201eKonoba Marija\u201c, das dalmatinisch-zagorische K\u00fcche serviert.<\/p>\n\n\n\n<p>Anzahl der Zimmer: 2<br>Anzahl Betten: 4<\/p>\n\n\n\n<p><\/p>\n","protected":false},"excerpt":{"rendered":"<p>Die Zimmer Marija befinden sich in Hra\u0161\u0107ica, 3,5 km vom Zentrum von Vara\u017edin entfernt. Das Objekt verf\u00fcgt \u00fcber zwei Doppelzimmer. Ein Zimmer mit einem Doppelbett und das andere Zimmer mit zwei Einzelbetten, die zusammengeschoben werden k\u00f6nnen. Jedes Zimmer verf\u00fcgt \u00fcber ein eigenes Bad, kostenloses WLAN, einen Fernseher, kostenlose Parkpl\u00e4tze im Hof \u200b\u200bund eine gemeinsame Lobby [&hellip;]<\/p>\n","protected":false},"author":1,"featured_media":0,"comment_status":"closed","ping_status":"closed","sticky":false,"template":"","format":"standard","meta":{"_acf_changed":false,"footnotes":""},"categories":[44],"tags":[],"class_list":["post-19322","post","type-post","status-publish","format-standard","hentry","category-smjestaj-de"],"acf":[],"yoast_head":"<!-- This site is optimized with the Yoast SEO plugin v27.4 - https:\/\/yoast.com\/product\/yoast-seo-wordpress\/ -->\n<title>Zimmer Marija - Turisti\u010dka zajednica grada Vara\u017edina<\/title>\n<meta name=\"robots\" content=\"index, follow, max-snippet:-1, max-image-preview:large, max-video-preview:-1\" \/>\n<link rel=\"canonical\" href=\"https:\/\/visitvarazdin.hr\/de\/sobe-marija\/\" \/>\n<meta property=\"og:locale\" content=\"de_DE\" \/>\n<meta property=\"og:type\" content=\"article\" \/>\n<meta property=\"og:title\" content=\"Zimmer Marija - Turisti\u010dka zajednica grada Vara\u017edina\" \/>\n<meta property=\"og:description\" content=\"Die Zimmer Marija befinden sich in Hra\u0161\u0107ica, 3,5 km vom Zentrum von Vara\u017edin entfernt. Das Objekt verf\u00fcgt \u00fcber zwei Doppelzimmer. Ein Zimmer mit einem Doppelbett und das andere Zimmer mit zwei Einzelbetten, die zusammengeschoben werden k\u00f6nnen. Jedes Zimmer verf\u00fcgt \u00fcber ein eigenes Bad, kostenloses WLAN, einen Fernseher, kostenlose Parkpl\u00e4tze im Hof \u200b\u200bund eine gemeinsame Lobby [&hellip;]\" \/>\n<meta property=\"og:url\" content=\"https:\/\/visitvarazdin.hr\/de\/sobe-marija\/\" \/>\n<meta property=\"og:site_name\" content=\"Turisti\u010dka zajednica grada Vara\u017edina\" \/>\n<meta property=\"article:published_time\" content=\"2021-12-19T13:51:18+00:00\" \/>\n<meta property=\"article:modified_time\" content=\"2025-03-29T10:13:55+00:00\" \/>\n<meta name=\"author\" content=\"AdminTZVZ\" \/>\n<meta name=\"twitter:card\" content=\"summary_large_image\" \/>\n<meta name=\"twitter:label1\" content=\"Verfasst von\" \/>\n\t<meta name=\"twitter:data1\" content=\"AdminTZVZ\" \/>\n\t<meta name=\"twitter:label2\" content=\"Gesch\u00e4tzte Lesezeit\" \/>\n\t<meta name=\"twitter:data2\" content=\"1\u00a0Minute\" \/>\n<script type=\"application\/ld+json\" class=\"yoast-schema-graph\">{\"@context\":\"https:\\\/\\\/schema.org\",\"@graph\":[{\"@type\":\"Article\",\"@id\":\"https:\\\/\\\/visitvarazdin.hr\\\/de\\\/sobe-marija\\\/#article\",\"isPartOf\":{\"@id\":\"https:\\\/\\\/visitvarazdin.hr\\\/de\\\/sobe-marija\\\/\"},\"author\":{\"name\":\"AdminTZVZ\",\"@id\":\"https:\\\/\\\/visitvarazdin.hr\\\/de\\\/#\\\/schema\\\/person\\\/5a3ab1228dbb26b4dbbde0c2a42860fb\"},\"headline\":\"Zimmer Marija\",\"datePublished\":\"2021-12-19T13:51:18+00:00\",\"dateModified\":\"2025-03-29T10:13:55+00:00\",\"mainEntityOfPage\":{\"@id\":\"https:\\\/\\\/visitvarazdin.hr\\\/de\\\/sobe-marija\\\/\"},\"wordCount\":89,\"publisher\":{\"@id\":\"https:\\\/\\\/visitvarazdin.hr\\\/de\\\/#organization\"},\"articleSection\":[\"Smje\u0161taj\"],\"inLanguage\":\"de\"},{\"@type\":\"WebPage\",\"@id\":\"https:\\\/\\\/visitvarazdin.hr\\\/de\\\/sobe-marija\\\/\",\"url\":\"https:\\\/\\\/visitvarazdin.hr\\\/de\\\/sobe-marija\\\/\",\"name\":\"Zimmer Marija - Turisti\u010dka zajednica grada Vara\u017edina\",\"isPartOf\":{\"@id\":\"https:\\\/\\\/visitvarazdin.hr\\\/de\\\/#website\"},\"datePublished\":\"2021-12-19T13:51:18+00:00\",\"dateModified\":\"2025-03-29T10:13:55+00:00\",\"breadcrumb\":{\"@id\":\"https:\\\/\\\/visitvarazdin.hr\\\/de\\\/sobe-marija\\\/#breadcrumb\"},\"inLanguage\":\"de\",\"potentialAction\":[{\"@type\":\"ReadAction\",\"target\":[\"https:\\\/\\\/visitvarazdin.hr\\\/de\\\/sobe-marija\\\/\"]}]},{\"@type\":\"BreadcrumbList\",\"@id\":\"https:\\\/\\\/visitvarazdin.hr\\\/de\\\/sobe-marija\\\/#breadcrumb\",\"itemListElement\":[{\"@type\":\"ListItem\",\"position\":1,\"name\":\"Po\u010detna stranica\",\"item\":\"https:\\\/\\\/visitvarazdin.hr\\\/de\\\/\"},{\"@type\":\"ListItem\",\"position\":2,\"name\":\"Zimmer Marija\"}]},{\"@type\":\"WebSite\",\"@id\":\"https:\\\/\\\/visitvarazdin.hr\\\/de\\\/#website\",\"url\":\"https:\\\/\\\/visitvarazdin.hr\\\/de\\\/\",\"name\":\"Turisti\u010dka zajednica grada Vara\u017edina\",\"description\":\"\",\"publisher\":{\"@id\":\"https:\\\/\\\/visitvarazdin.hr\\\/de\\\/#organization\"},\"potentialAction\":[{\"@type\":\"SearchAction\",\"target\":{\"@type\":\"EntryPoint\",\"urlTemplate\":\"https:\\\/\\\/visitvarazdin.hr\\\/de\\\/?s={search_term_string}\"},\"query-input\":{\"@type\":\"PropertyValueSpecification\",\"valueRequired\":true,\"valueName\":\"search_term_string\"}}],\"inLanguage\":\"de\"},{\"@type\":\"Organization\",\"@id\":\"https:\\\/\\\/visitvarazdin.hr\\\/de\\\/#organization\",\"name\":\"Turisti\u010dka zajednica grada Vara\u017edina\",\"url\":\"https:\\\/\\\/visitvarazdin.hr\\\/de\\\/\",\"logo\":{\"@type\":\"ImageObject\",\"inLanguage\":\"de\",\"@id\":\"https:\\\/\\\/visitvarazdin.hr\\\/de\\\/#\\\/schema\\\/logo\\\/image\\\/\",\"url\":\"https:\\\/\\\/visitvarazdin.hr\\\/wp-content\\\/uploads\\\/2021\\\/10\\\/cropped-logo-tzgv-200-retina-189x200-1.png\",\"contentUrl\":\"https:\\\/\\\/visitvarazdin.hr\\\/wp-content\\\/uploads\\\/2021\\\/10\\\/cropped-logo-tzgv-200-retina-189x200-1.png\",\"width\":189,\"height\":200,\"caption\":\"Turisti\u010dka zajednica grada Vara\u017edina\"},\"image\":{\"@id\":\"https:\\\/\\\/visitvarazdin.hr\\\/de\\\/#\\\/schema\\\/logo\\\/image\\\/\"}},{\"@type\":\"Person\",\"@id\":\"https:\\\/\\\/visitvarazdin.hr\\\/de\\\/#\\\/schema\\\/person\\\/5a3ab1228dbb26b4dbbde0c2a42860fb\",\"name\":\"AdminTZVZ\",\"sameAs\":[\"https:\\\/\\\/visitvarazdin.hr\"],\"url\":\"https:\\\/\\\/visitvarazdin.hr\\\/de\\\/author\\\/admintzvz\\\/\"}]}<\/script>\n<!-- \/ Yoast SEO plugin. -->","yoast_head_json":{"title":"Zimmer Marija - Turisti\u010dka zajednica grada Vara\u017edina","robots":{"index":"index","follow":"follow","max-snippet":"max-snippet:-1","max-image-preview":"max-image-preview:large","max-video-preview":"max-video-preview:-1"},"canonical":"https:\/\/visitvarazdin.hr\/de\/sobe-marija\/","og_locale":"de_DE","og_type":"article","og_title":"Zimmer Marija - Turisti\u010dka zajednica grada Vara\u017edina","og_description":"Die Zimmer Marija befinden sich in Hra\u0161\u0107ica, 3,5 km vom Zentrum von Vara\u017edin entfernt. Das Objekt verf\u00fcgt \u00fcber zwei Doppelzimmer. Ein Zimmer mit einem Doppelbett und das andere Zimmer mit zwei Einzelbetten, die zusammengeschoben werden k\u00f6nnen. Jedes Zimmer verf\u00fcgt \u00fcber ein eigenes Bad, kostenloses WLAN, einen Fernseher, kostenlose Parkpl\u00e4tze im Hof \u200b\u200bund eine gemeinsame Lobby [&hellip;]","og_url":"https:\/\/visitvarazdin.hr\/de\/sobe-marija\/","og_site_name":"Turisti\u010dka zajednica grada Vara\u017edina","article_published_time":"2021-12-19T13:51:18+00:00","article_modified_time":"2025-03-29T10:13:55+00:00","author":"AdminTZVZ","twitter_card":"summary_large_image","twitter_misc":{"Verfasst von":"AdminTZVZ","Gesch\u00e4tzte Lesezeit":"1\u00a0Minute"},"schema":{"@context":"https:\/\/schema.org","@graph":[{"@type":"Article","@id":"https:\/\/visitvarazdin.hr\/de\/sobe-marija\/#article","isPartOf":{"@id":"https:\/\/visitvarazdin.hr\/de\/sobe-marija\/"},"author":{"name":"AdminTZVZ","@id":"https:\/\/visitvarazdin.hr\/de\/#\/schema\/person\/5a3ab1228dbb26b4dbbde0c2a42860fb"},"headline":"Zimmer Marija","datePublished":"2021-12-19T13:51:18+00:00","dateModified":"2025-03-29T10:13:55+00:00","mainEntityOfPage":{"@id":"https:\/\/visitvarazdin.hr\/de\/sobe-marija\/"},"wordCount":89,"publisher":{"@id":"https:\/\/visitvarazdin.hr\/de\/#organization"},"articleSection":["Smje\u0161taj"],"inLanguage":"de"},{"@type":"WebPage","@id":"https:\/\/visitvarazdin.hr\/de\/sobe-marija\/","url":"https:\/\/visitvarazdin.hr\/de\/sobe-marija\/","name":"Zimmer Marija - Turisti\u010dka zajednica grada Vara\u017edina","isPartOf":{"@id":"https:\/\/visitvarazdin.hr\/de\/#website"},"datePublished":"2021-12-19T13:51:18+00:00","dateModified":"2025-03-29T10:13:55+00:00","breadcrumb":{"@id":"https:\/\/visitvarazdin.hr\/de\/sobe-marija\/#breadcrumb"},"inLanguage":"de","potentialAction":[{"@type":"ReadAction","target":["https:\/\/visitvarazdin.hr\/de\/sobe-marija\/"]}]},{"@type":"BreadcrumbList","@id":"https:\/\/visitvarazdin.hr\/de\/sobe-marija\/#breadcrumb","itemListElement":[{"@type":"ListItem","position":1,"name":"Po\u010detna stranica","item":"https:\/\/visitvarazdin.hr\/de\/"},{"@type":"ListItem","position":2,"name":"Zimmer Marija"}]},{"@type":"WebSite","@id":"https:\/\/visitvarazdin.hr\/de\/#website","url":"https:\/\/visitvarazdin.hr\/de\/","name":"Turisti\u010dka zajednica grada Vara\u017edina","description":"","publisher":{"@id":"https:\/\/visitvarazdin.hr\/de\/#organization"},"potentialAction":[{"@type":"SearchAction","target":{"@type":"EntryPoint","urlTemplate":"https:\/\/visitvarazdin.hr\/de\/?s={search_term_string}"},"query-input":{"@type":"PropertyValueSpecification","valueRequired":true,"valueName":"search_term_string"}}],"inLanguage":"de"},{"@type":"Organization","@id":"https:\/\/visitvarazdin.hr\/de\/#organization","name":"Turisti\u010dka zajednica grada Vara\u017edina","url":"https:\/\/visitvarazdin.hr\/de\/","logo":{"@type":"ImageObject","inLanguage":"de","@id":"https:\/\/visitvarazdin.hr\/de\/#\/schema\/logo\/image\/","url":"https:\/\/visitvarazdin.hr\/wp-content\/uploads\/2021\/10\/cropped-logo-tzgv-200-retina-189x200-1.png","contentUrl":"https:\/\/visitvarazdin.hr\/wp-content\/uploads\/2021\/10\/cropped-logo-tzgv-200-retina-189x200-1.png","width":189,"height":200,"caption":"Turisti\u010dka zajednica grada Vara\u017edina"},"image":{"@id":"https:\/\/visitvarazdin.hr\/de\/#\/schema\/logo\/image\/"}},{"@type":"Person","@id":"https:\/\/visitvarazdin.hr\/de\/#\/schema\/person\/5a3ab1228dbb26b4dbbde0c2a42860fb","name":"AdminTZVZ","sameAs":["https:\/\/visitvarazdin.hr"],"url":"https:\/\/visitvarazdin.hr\/de\/author\/admintzvz\/"}]}},"_links":{"self":[{"href":"https:\/\/visitvarazdin.hr\/de\/wp-json\/wp\/v2\/posts\/19322","targetHints":{"allow":["GET"]}}],"collection":[{"href":"https:\/\/visitvarazdin.hr\/de\/wp-json\/wp\/v2\/posts"}],"about":[{"href":"https:\/\/visitvarazdin.hr\/de\/wp-json\/wp\/v2\/types\/post"}],"author":[{"embeddable":true,"href":"https:\/\/visitvarazdin.hr\/de\/wp-json\/wp\/v2\/users\/1"}],"replies":[{"embeddable":true,"href":"https:\/\/visitvarazdin.hr\/de\/wp-json\/wp\/v2\/comments?post=19322"}],"version-history":[{"count":3,"href":"https:\/\/visitvarazdin.hr\/de\/wp-json\/wp\/v2\/posts\/19322\/revisions"}],"predecessor-version":[{"id":30417,"href":"https:\/\/visitvarazdin.hr\/de\/wp-json\/wp\/v2\/posts\/19322\/revisions\/30417"}],"wp:attachment":[{"href":"https:\/\/visitvarazdin.hr\/de\/wp-json\/wp\/v2\/media?parent=19322"}],"wp:term":[{"taxonomy":"category","embeddable":true,"href":"https:\/\/visitvarazdin.hr\/de\/wp-json\/wp\/v2\/categories?post=19322"},{"taxonomy":"post_tag","embeddable":true,"href":"https:\/\/visitvarazdin.hr\/de\/wp-json\/wp\/v2\/tags?post=19322"}],"curies":[{"name":"wp","href":"https:\/\/api.w.org\/{rel}","templated":true}]}}