{"id":19346,"date":"2021-10-01T18:50:00","date_gmt":"2021-10-01T16:50:00","guid":{"rendered":"https:\/\/tzvz.simetrys.info\/garestin-4\/"},"modified":"2025-02-26T14:43:36","modified_gmt":"2025-02-26T13:43:36","slug":"garestin-4","status":"publish","type":"post","link":"https:\/\/visitvarazdin.hr\/de\/garestin-4\/","title":{"rendered":"Studio apartman &#8222;Tvrtko&#8220;"},"content":{"rendered":"\n<p>Ein komfortabel eingerichtetes und komplett ausgestattetes Apartment mit separater K\u00fcche und Essbereich, einem Badezimmer und einem Zimmer, das tags\u00fcber als Wohnzimmer und nachts als Schlafzimmer mit zwei getrennten Betten f\u00fcr vier Erwachsene dient. Es liegt in unmittelbarer N\u00e4he des Busbahnhofs und 10 Gehminuten vom Hauptplatz entfernt.<\/p>\n\n\n\n<p>Anzahl Betten: 4<\/p>\n","protected":false},"excerpt":{"rendered":"<p>Ein komfortabel eingerichtetes und komplett ausgestattetes Apartment mit separater K\u00fcche und Essbereich, einem Badezimmer und einem Zimmer, das tags\u00fcber als Wohnzimmer und nachts als Schlafzimmer mit zwei getrennten Betten f\u00fcr vier Erwachsene dient. Es liegt in unmittelbarer N\u00e4he des Busbahnhofs und 10 Gehminuten vom Hauptplatz entfernt. Anzahl Betten: 4<\/p>\n","protected":false},"author":1,"featured_media":0,"comment_status":"closed","ping_status":"closed","sticky":false,"template":"","format":"standard","meta":{"_acf_changed":false,"footnotes":""},"categories":[44],"tags":[],"class_list":["post-19346","post","type-post","status-publish","format-standard","hentry","category-smjestaj-de"],"acf":[],"yoast_head":"<!-- This site is optimized with the Yoast SEO plugin v27.4 - https:\/\/yoast.com\/product\/yoast-seo-wordpress\/ -->\n<title>Studio apartman &quot;Tvrtko&quot; - Turisti\u010dka zajednica grada Vara\u017edina<\/title>\n<meta name=\"robots\" content=\"index, follow, max-snippet:-1, max-image-preview:large, max-video-preview:-1\" \/>\n<link rel=\"canonical\" href=\"https:\/\/visitvarazdin.hr\/de\/garestin-4\/\" \/>\n<meta property=\"og:locale\" content=\"de_DE\" \/>\n<meta property=\"og:type\" content=\"article\" \/>\n<meta property=\"og:title\" content=\"Studio apartman &quot;Tvrtko&quot; - Turisti\u010dka zajednica grada Vara\u017edina\" \/>\n<meta property=\"og:description\" content=\"Ein komfortabel eingerichtetes und komplett ausgestattetes Apartment mit separater K\u00fcche und Essbereich, einem Badezimmer und einem Zimmer, das tags\u00fcber als Wohnzimmer und nachts als Schlafzimmer mit zwei getrennten Betten f\u00fcr vier Erwachsene dient. Es liegt in unmittelbarer N\u00e4he des Busbahnhofs und 10 Gehminuten vom Hauptplatz entfernt. Anzahl Betten: 4\" \/>\n<meta property=\"og:url\" content=\"https:\/\/visitvarazdin.hr\/de\/garestin-4\/\" \/>\n<meta property=\"og:site_name\" content=\"Turisti\u010dka zajednica grada Vara\u017edina\" \/>\n<meta property=\"article:published_time\" content=\"2021-10-01T16:50:00+00:00\" \/>\n<meta property=\"article:modified_time\" content=\"2025-02-26T13:43:36+00:00\" \/>\n<meta name=\"author\" content=\"AdminTZVZ\" \/>\n<meta name=\"twitter:card\" content=\"summary_large_image\" \/>\n<meta name=\"twitter:label1\" content=\"Verfasst von\" \/>\n\t<meta name=\"twitter:data1\" content=\"AdminTZVZ\" \/>\n\t<meta name=\"twitter:label2\" content=\"Gesch\u00e4tzte Lesezeit\" \/>\n\t<meta name=\"twitter:data2\" content=\"1\u00a0Minute\" \/>\n<script type=\"application\/ld+json\" class=\"yoast-schema-graph\">{\"@context\":\"https:\\\/\\\/schema.org\",\"@graph\":[{\"@type\":\"Article\",\"@id\":\"https:\\\/\\\/visitvarazdin.hr\\\/de\\\/garestin-4\\\/#article\",\"isPartOf\":{\"@id\":\"https:\\\/\\\/visitvarazdin.hr\\\/de\\\/garestin-4\\\/\"},\"author\":{\"name\":\"AdminTZVZ\",\"@id\":\"https:\\\/\\\/visitvarazdin.hr\\\/de\\\/#\\\/schema\\\/person\\\/5a3ab1228dbb26b4dbbde0c2a42860fb\"},\"headline\":\"Studio apartman &#8222;Tvrtko&#8220;\",\"datePublished\":\"2021-10-01T16:50:00+00:00\",\"dateModified\":\"2025-02-26T13:43:36+00:00\",\"mainEntityOfPage\":{\"@id\":\"https:\\\/\\\/visitvarazdin.hr\\\/de\\\/garestin-4\\\/\"},\"wordCount\":54,\"publisher\":{\"@id\":\"https:\\\/\\\/visitvarazdin.hr\\\/de\\\/#organization\"},\"articleSection\":[\"Smje\u0161taj\"],\"inLanguage\":\"de\"},{\"@type\":\"WebPage\",\"@id\":\"https:\\\/\\\/visitvarazdin.hr\\\/de\\\/garestin-4\\\/\",\"url\":\"https:\\\/\\\/visitvarazdin.hr\\\/de\\\/garestin-4\\\/\",\"name\":\"Studio apartman \\\"Tvrtko\\\" - Turisti\u010dka zajednica grada Vara\u017edina\",\"isPartOf\":{\"@id\":\"https:\\\/\\\/visitvarazdin.hr\\\/de\\\/#website\"},\"datePublished\":\"2021-10-01T16:50:00+00:00\",\"dateModified\":\"2025-02-26T13:43:36+00:00\",\"breadcrumb\":{\"@id\":\"https:\\\/\\\/visitvarazdin.hr\\\/de\\\/garestin-4\\\/#breadcrumb\"},\"inLanguage\":\"de\",\"potentialAction\":[{\"@type\":\"ReadAction\",\"target\":[\"https:\\\/\\\/visitvarazdin.hr\\\/de\\\/garestin-4\\\/\"]}]},{\"@type\":\"BreadcrumbList\",\"@id\":\"https:\\\/\\\/visitvarazdin.hr\\\/de\\\/garestin-4\\\/#breadcrumb\",\"itemListElement\":[{\"@type\":\"ListItem\",\"position\":1,\"name\":\"Po\u010detna stranica\",\"item\":\"https:\\\/\\\/visitvarazdin.hr\\\/de\\\/\"},{\"@type\":\"ListItem\",\"position\":2,\"name\":\"Studio apartman &#8220;Tvrtko&#8221;\"}]},{\"@type\":\"WebSite\",\"@id\":\"https:\\\/\\\/visitvarazdin.hr\\\/de\\\/#website\",\"url\":\"https:\\\/\\\/visitvarazdin.hr\\\/de\\\/\",\"name\":\"Turisti\u010dka zajednica grada Vara\u017edina\",\"description\":\"\",\"publisher\":{\"@id\":\"https:\\\/\\\/visitvarazdin.hr\\\/de\\\/#organization\"},\"potentialAction\":[{\"@type\":\"SearchAction\",\"target\":{\"@type\":\"EntryPoint\",\"urlTemplate\":\"https:\\\/\\\/visitvarazdin.hr\\\/de\\\/?s={search_term_string}\"},\"query-input\":{\"@type\":\"PropertyValueSpecification\",\"valueRequired\":true,\"valueName\":\"search_term_string\"}}],\"inLanguage\":\"de\"},{\"@type\":\"Organization\",\"@id\":\"https:\\\/\\\/visitvarazdin.hr\\\/de\\\/#organization\",\"name\":\"Turisti\u010dka zajednica grada Vara\u017edina\",\"url\":\"https:\\\/\\\/visitvarazdin.hr\\\/de\\\/\",\"logo\":{\"@type\":\"ImageObject\",\"inLanguage\":\"de\",\"@id\":\"https:\\\/\\\/visitvarazdin.hr\\\/de\\\/#\\\/schema\\\/logo\\\/image\\\/\",\"url\":\"https:\\\/\\\/visitvarazdin.hr\\\/wp-content\\\/uploads\\\/2021\\\/10\\\/cropped-logo-tzgv-200-retina-189x200-1.png\",\"contentUrl\":\"https:\\\/\\\/visitvarazdin.hr\\\/wp-content\\\/uploads\\\/2021\\\/10\\\/cropped-logo-tzgv-200-retina-189x200-1.png\",\"width\":189,\"height\":200,\"caption\":\"Turisti\u010dka zajednica grada Vara\u017edina\"},\"image\":{\"@id\":\"https:\\\/\\\/visitvarazdin.hr\\\/de\\\/#\\\/schema\\\/logo\\\/image\\\/\"}},{\"@type\":\"Person\",\"@id\":\"https:\\\/\\\/visitvarazdin.hr\\\/de\\\/#\\\/schema\\\/person\\\/5a3ab1228dbb26b4dbbde0c2a42860fb\",\"name\":\"AdminTZVZ\",\"sameAs\":[\"https:\\\/\\\/visitvarazdin.hr\"],\"url\":\"https:\\\/\\\/visitvarazdin.hr\\\/de\\\/author\\\/admintzvz\\\/\"}]}<\/script>\n<!-- \/ Yoast SEO plugin. -->","yoast_head_json":{"title":"Studio apartman \"Tvrtko\" - Turisti\u010dka zajednica grada Vara\u017edina","robots":{"index":"index","follow":"follow","max-snippet":"max-snippet:-1","max-image-preview":"max-image-preview:large","max-video-preview":"max-video-preview:-1"},"canonical":"https:\/\/visitvarazdin.hr\/de\/garestin-4\/","og_locale":"de_DE","og_type":"article","og_title":"Studio apartman \"Tvrtko\" - Turisti\u010dka zajednica grada Vara\u017edina","og_description":"Ein komfortabel eingerichtetes und komplett ausgestattetes Apartment mit separater K\u00fcche und Essbereich, einem Badezimmer und einem Zimmer, das tags\u00fcber als Wohnzimmer und nachts als Schlafzimmer mit zwei getrennten Betten f\u00fcr vier Erwachsene dient. Es liegt in unmittelbarer N\u00e4he des Busbahnhofs und 10 Gehminuten vom Hauptplatz entfernt. Anzahl Betten: 4","og_url":"https:\/\/visitvarazdin.hr\/de\/garestin-4\/","og_site_name":"Turisti\u010dka zajednica grada Vara\u017edina","article_published_time":"2021-10-01T16:50:00+00:00","article_modified_time":"2025-02-26T13:43:36+00:00","author":"AdminTZVZ","twitter_card":"summary_large_image","twitter_misc":{"Verfasst von":"AdminTZVZ","Gesch\u00e4tzte Lesezeit":"1\u00a0Minute"},"schema":{"@context":"https:\/\/schema.org","@graph":[{"@type":"Article","@id":"https:\/\/visitvarazdin.hr\/de\/garestin-4\/#article","isPartOf":{"@id":"https:\/\/visitvarazdin.hr\/de\/garestin-4\/"},"author":{"name":"AdminTZVZ","@id":"https:\/\/visitvarazdin.hr\/de\/#\/schema\/person\/5a3ab1228dbb26b4dbbde0c2a42860fb"},"headline":"Studio apartman &#8222;Tvrtko&#8220;","datePublished":"2021-10-01T16:50:00+00:00","dateModified":"2025-02-26T13:43:36+00:00","mainEntityOfPage":{"@id":"https:\/\/visitvarazdin.hr\/de\/garestin-4\/"},"wordCount":54,"publisher":{"@id":"https:\/\/visitvarazdin.hr\/de\/#organization"},"articleSection":["Smje\u0161taj"],"inLanguage":"de"},{"@type":"WebPage","@id":"https:\/\/visitvarazdin.hr\/de\/garestin-4\/","url":"https:\/\/visitvarazdin.hr\/de\/garestin-4\/","name":"Studio apartman \"Tvrtko\" - Turisti\u010dka zajednica grada Vara\u017edina","isPartOf":{"@id":"https:\/\/visitvarazdin.hr\/de\/#website"},"datePublished":"2021-10-01T16:50:00+00:00","dateModified":"2025-02-26T13:43:36+00:00","breadcrumb":{"@id":"https:\/\/visitvarazdin.hr\/de\/garestin-4\/#breadcrumb"},"inLanguage":"de","potentialAction":[{"@type":"ReadAction","target":["https:\/\/visitvarazdin.hr\/de\/garestin-4\/"]}]},{"@type":"BreadcrumbList","@id":"https:\/\/visitvarazdin.hr\/de\/garestin-4\/#breadcrumb","itemListElement":[{"@type":"ListItem","position":1,"name":"Po\u010detna stranica","item":"https:\/\/visitvarazdin.hr\/de\/"},{"@type":"ListItem","position":2,"name":"Studio apartman &#8220;Tvrtko&#8221;"}]},{"@type":"WebSite","@id":"https:\/\/visitvarazdin.hr\/de\/#website","url":"https:\/\/visitvarazdin.hr\/de\/","name":"Turisti\u010dka zajednica grada Vara\u017edina","description":"","publisher":{"@id":"https:\/\/visitvarazdin.hr\/de\/#organization"},"potentialAction":[{"@type":"SearchAction","target":{"@type":"EntryPoint","urlTemplate":"https:\/\/visitvarazdin.hr\/de\/?s={search_term_string}"},"query-input":{"@type":"PropertyValueSpecification","valueRequired":true,"valueName":"search_term_string"}}],"inLanguage":"de"},{"@type":"Organization","@id":"https:\/\/visitvarazdin.hr\/de\/#organization","name":"Turisti\u010dka zajednica grada Vara\u017edina","url":"https:\/\/visitvarazdin.hr\/de\/","logo":{"@type":"ImageObject","inLanguage":"de","@id":"https:\/\/visitvarazdin.hr\/de\/#\/schema\/logo\/image\/","url":"https:\/\/visitvarazdin.hr\/wp-content\/uploads\/2021\/10\/cropped-logo-tzgv-200-retina-189x200-1.png","contentUrl":"https:\/\/visitvarazdin.hr\/wp-content\/uploads\/2021\/10\/cropped-logo-tzgv-200-retina-189x200-1.png","width":189,"height":200,"caption":"Turisti\u010dka zajednica grada Vara\u017edina"},"image":{"@id":"https:\/\/visitvarazdin.hr\/de\/#\/schema\/logo\/image\/"}},{"@type":"Person","@id":"https:\/\/visitvarazdin.hr\/de\/#\/schema\/person\/5a3ab1228dbb26b4dbbde0c2a42860fb","name":"AdminTZVZ","sameAs":["https:\/\/visitvarazdin.hr"],"url":"https:\/\/visitvarazdin.hr\/de\/author\/admintzvz\/"}]}},"_links":{"self":[{"href":"https:\/\/visitvarazdin.hr\/de\/wp-json\/wp\/v2\/posts\/19346","targetHints":{"allow":["GET"]}}],"collection":[{"href":"https:\/\/visitvarazdin.hr\/de\/wp-json\/wp\/v2\/posts"}],"about":[{"href":"https:\/\/visitvarazdin.hr\/de\/wp-json\/wp\/v2\/types\/post"}],"author":[{"embeddable":true,"href":"https:\/\/visitvarazdin.hr\/de\/wp-json\/wp\/v2\/users\/1"}],"replies":[{"embeddable":true,"href":"https:\/\/visitvarazdin.hr\/de\/wp-json\/wp\/v2\/comments?post=19346"}],"version-history":[{"count":3,"href":"https:\/\/visitvarazdin.hr\/de\/wp-json\/wp\/v2\/posts\/19346\/revisions"}],"predecessor-version":[{"id":30039,"href":"https:\/\/visitvarazdin.hr\/de\/wp-json\/wp\/v2\/posts\/19346\/revisions\/30039"}],"wp:attachment":[{"href":"https:\/\/visitvarazdin.hr\/de\/wp-json\/wp\/v2\/media?parent=19346"}],"wp:term":[{"taxonomy":"category","embeddable":true,"href":"https:\/\/visitvarazdin.hr\/de\/wp-json\/wp\/v2\/categories?post=19346"},{"taxonomy":"post_tag","embeddable":true,"href":"https:\/\/visitvarazdin.hr\/de\/wp-json\/wp\/v2\/tags?post=19346"}],"curies":[{"name":"wp","href":"https:\/\/api.w.org\/{rel}","templated":true}]}}