{"id":27368,"date":"2021-12-19T10:08:00","date_gmt":"2021-12-19T09:08:00","guid":{"rendered":"https:\/\/visitvarazdin.hr\/studio-apartman-dd\/"},"modified":"2025-02-26T14:27:07","modified_gmt":"2025-02-26T13:27:07","slug":"studio-apartman-dd","status":"publish","type":"post","link":"https:\/\/visitvarazdin.hr\/de\/studio-apartman-dd\/","title":{"rendered":"Studio apartman D&#038;D"},"content":{"rendered":"\n<p>Dieses komfortabel eingerichtete Studio-Apartment ist ideal f\u00fcr zwei Personen. Es liegt in einer ruhigen Stra\u00dfe, mitten im Stadtzentrum, in der Fu\u00dfg\u00e4ngerzone. Vom Busbahnhof sind es 5 Gehminuten, vom Bahnhof 15 Minuten. \u00d6ffentliche Garage 200 m vom Haus entfernt. An einer Stra\u00dfenecke gibt es ein Gesch\u00e4ft und eine B\u00e4ckerei, an der anderen ein Caf\u00e9 und warme Croissants. Der Hauptplatz, das Museum und das Theater sind nicht einmal 5 Gehminuten entfernt.<\/p>\n\n\n\n<p>Anzahl Betten: 2<\/p>\n","protected":false},"excerpt":{"rendered":"<p>Dieses komfortabel eingerichtete Studio-Apartment ist ideal f\u00fcr zwei Personen. Es liegt in einer ruhigen Stra\u00dfe, mitten im Stadtzentrum, in der Fu\u00dfg\u00e4ngerzone. Vom Busbahnhof sind es 5 Gehminuten, vom Bahnhof 15 Minuten. \u00d6ffentliche Garage 200 m vom Haus entfernt. An einer Stra\u00dfenecke gibt es ein Gesch\u00e4ft und eine B\u00e4ckerei, an der anderen ein Caf\u00e9 und warme [&hellip;]<\/p>\n","protected":false},"author":1,"featured_media":0,"comment_status":"closed","ping_status":"closed","sticky":false,"template":"","format":"standard","meta":{"_acf_changed":false,"footnotes":""},"categories":[44],"tags":[],"class_list":["post-27368","post","type-post","status-publish","format-standard","hentry","category-smjestaj-de"],"acf":[],"yoast_head":"<!-- This site is optimized with the Yoast SEO plugin v27.4 - https:\/\/yoast.com\/product\/yoast-seo-wordpress\/ -->\n<title>Studio apartman D&amp;D - Turisti\u010dka zajednica grada Vara\u017edina<\/title>\n<meta name=\"robots\" content=\"index, follow, max-snippet:-1, max-image-preview:large, max-video-preview:-1\" \/>\n<link rel=\"canonical\" href=\"https:\/\/visitvarazdin.hr\/de\/studio-apartman-dd\/\" \/>\n<meta property=\"og:locale\" content=\"de_DE\" \/>\n<meta property=\"og:type\" content=\"article\" \/>\n<meta property=\"og:title\" content=\"Studio apartman D&amp;D - Turisti\u010dka zajednica grada Vara\u017edina\" \/>\n<meta property=\"og:description\" content=\"Dieses komfortabel eingerichtete Studio-Apartment ist ideal f\u00fcr zwei Personen. Es liegt in einer ruhigen Stra\u00dfe, mitten im Stadtzentrum, in der Fu\u00dfg\u00e4ngerzone. Vom Busbahnhof sind es 5 Gehminuten, vom Bahnhof 15 Minuten. \u00d6ffentliche Garage 200 m vom Haus entfernt. An einer Stra\u00dfenecke gibt es ein Gesch\u00e4ft und eine B\u00e4ckerei, an der anderen ein Caf\u00e9 und warme [&hellip;]\" \/>\n<meta property=\"og:url\" content=\"https:\/\/visitvarazdin.hr\/de\/studio-apartman-dd\/\" \/>\n<meta property=\"og:site_name\" content=\"Turisti\u010dka zajednica grada Vara\u017edina\" \/>\n<meta property=\"article:published_time\" content=\"2021-12-19T09:08:00+00:00\" \/>\n<meta property=\"article:modified_time\" content=\"2025-02-26T13:27:07+00:00\" \/>\n<meta name=\"author\" content=\"AdminTZVZ\" \/>\n<meta name=\"twitter:card\" content=\"summary_large_image\" \/>\n<meta name=\"twitter:label1\" content=\"Verfasst von\" \/>\n\t<meta name=\"twitter:data1\" content=\"AdminTZVZ\" \/>\n\t<meta name=\"twitter:label2\" content=\"Gesch\u00e4tzte Lesezeit\" \/>\n\t<meta name=\"twitter:data2\" content=\"1\u00a0Minute\" \/>\n<script type=\"application\/ld+json\" class=\"yoast-schema-graph\">{\"@context\":\"https:\\\/\\\/schema.org\",\"@graph\":[{\"@type\":\"Article\",\"@id\":\"https:\\\/\\\/visitvarazdin.hr\\\/de\\\/studio-apartman-dd\\\/#article\",\"isPartOf\":{\"@id\":\"https:\\\/\\\/visitvarazdin.hr\\\/de\\\/studio-apartman-dd\\\/\"},\"author\":{\"name\":\"AdminTZVZ\",\"@id\":\"https:\\\/\\\/visitvarazdin.hr\\\/de\\\/#\\\/schema\\\/person\\\/5a3ab1228dbb26b4dbbde0c2a42860fb\"},\"headline\":\"Studio apartman D&#038;D\",\"datePublished\":\"2021-12-19T09:08:00+00:00\",\"dateModified\":\"2025-02-26T13:27:07+00:00\",\"mainEntityOfPage\":{\"@id\":\"https:\\\/\\\/visitvarazdin.hr\\\/de\\\/studio-apartman-dd\\\/\"},\"wordCount\":78,\"publisher\":{\"@id\":\"https:\\\/\\\/visitvarazdin.hr\\\/de\\\/#organization\"},\"articleSection\":[\"Smje\u0161taj\"],\"inLanguage\":\"de\"},{\"@type\":\"WebPage\",\"@id\":\"https:\\\/\\\/visitvarazdin.hr\\\/de\\\/studio-apartman-dd\\\/\",\"url\":\"https:\\\/\\\/visitvarazdin.hr\\\/de\\\/studio-apartman-dd\\\/\",\"name\":\"Studio apartman D&D - Turisti\u010dka zajednica grada Vara\u017edina\",\"isPartOf\":{\"@id\":\"https:\\\/\\\/visitvarazdin.hr\\\/de\\\/#website\"},\"datePublished\":\"2021-12-19T09:08:00+00:00\",\"dateModified\":\"2025-02-26T13:27:07+00:00\",\"breadcrumb\":{\"@id\":\"https:\\\/\\\/visitvarazdin.hr\\\/de\\\/studio-apartman-dd\\\/#breadcrumb\"},\"inLanguage\":\"de\",\"potentialAction\":[{\"@type\":\"ReadAction\",\"target\":[\"https:\\\/\\\/visitvarazdin.hr\\\/de\\\/studio-apartman-dd\\\/\"]}]},{\"@type\":\"BreadcrumbList\",\"@id\":\"https:\\\/\\\/visitvarazdin.hr\\\/de\\\/studio-apartman-dd\\\/#breadcrumb\",\"itemListElement\":[{\"@type\":\"ListItem\",\"position\":1,\"name\":\"Po\u010detna stranica\",\"item\":\"https:\\\/\\\/visitvarazdin.hr\\\/de\\\/\"},{\"@type\":\"ListItem\",\"position\":2,\"name\":\"Studio apartman D&#038;D\"}]},{\"@type\":\"WebSite\",\"@id\":\"https:\\\/\\\/visitvarazdin.hr\\\/de\\\/#website\",\"url\":\"https:\\\/\\\/visitvarazdin.hr\\\/de\\\/\",\"name\":\"Turisti\u010dka zajednica grada Vara\u017edina\",\"description\":\"\",\"publisher\":{\"@id\":\"https:\\\/\\\/visitvarazdin.hr\\\/de\\\/#organization\"},\"potentialAction\":[{\"@type\":\"SearchAction\",\"target\":{\"@type\":\"EntryPoint\",\"urlTemplate\":\"https:\\\/\\\/visitvarazdin.hr\\\/de\\\/?s={search_term_string}\"},\"query-input\":{\"@type\":\"PropertyValueSpecification\",\"valueRequired\":true,\"valueName\":\"search_term_string\"}}],\"inLanguage\":\"de\"},{\"@type\":\"Organization\",\"@id\":\"https:\\\/\\\/visitvarazdin.hr\\\/de\\\/#organization\",\"name\":\"Turisti\u010dka zajednica grada Vara\u017edina\",\"url\":\"https:\\\/\\\/visitvarazdin.hr\\\/de\\\/\",\"logo\":{\"@type\":\"ImageObject\",\"inLanguage\":\"de\",\"@id\":\"https:\\\/\\\/visitvarazdin.hr\\\/de\\\/#\\\/schema\\\/logo\\\/image\\\/\",\"url\":\"https:\\\/\\\/visitvarazdin.hr\\\/wp-content\\\/uploads\\\/2021\\\/10\\\/cropped-logo-tzgv-200-retina-189x200-1.png\",\"contentUrl\":\"https:\\\/\\\/visitvarazdin.hr\\\/wp-content\\\/uploads\\\/2021\\\/10\\\/cropped-logo-tzgv-200-retina-189x200-1.png\",\"width\":189,\"height\":200,\"caption\":\"Turisti\u010dka zajednica grada Vara\u017edina\"},\"image\":{\"@id\":\"https:\\\/\\\/visitvarazdin.hr\\\/de\\\/#\\\/schema\\\/logo\\\/image\\\/\"}},{\"@type\":\"Person\",\"@id\":\"https:\\\/\\\/visitvarazdin.hr\\\/de\\\/#\\\/schema\\\/person\\\/5a3ab1228dbb26b4dbbde0c2a42860fb\",\"name\":\"AdminTZVZ\",\"sameAs\":[\"https:\\\/\\\/visitvarazdin.hr\"],\"url\":\"https:\\\/\\\/visitvarazdin.hr\\\/de\\\/author\\\/admintzvz\\\/\"}]}<\/script>\n<!-- \/ Yoast SEO plugin. -->","yoast_head_json":{"title":"Studio apartman D&D - Turisti\u010dka zajednica grada Vara\u017edina","robots":{"index":"index","follow":"follow","max-snippet":"max-snippet:-1","max-image-preview":"max-image-preview:large","max-video-preview":"max-video-preview:-1"},"canonical":"https:\/\/visitvarazdin.hr\/de\/studio-apartman-dd\/","og_locale":"de_DE","og_type":"article","og_title":"Studio apartman D&D - Turisti\u010dka zajednica grada Vara\u017edina","og_description":"Dieses komfortabel eingerichtete Studio-Apartment ist ideal f\u00fcr zwei Personen. Es liegt in einer ruhigen Stra\u00dfe, mitten im Stadtzentrum, in der Fu\u00dfg\u00e4ngerzone. Vom Busbahnhof sind es 5 Gehminuten, vom Bahnhof 15 Minuten. \u00d6ffentliche Garage 200 m vom Haus entfernt. An einer Stra\u00dfenecke gibt es ein Gesch\u00e4ft und eine B\u00e4ckerei, an der anderen ein Caf\u00e9 und warme [&hellip;]","og_url":"https:\/\/visitvarazdin.hr\/de\/studio-apartman-dd\/","og_site_name":"Turisti\u010dka zajednica grada Vara\u017edina","article_published_time":"2021-12-19T09:08:00+00:00","article_modified_time":"2025-02-26T13:27:07+00:00","author":"AdminTZVZ","twitter_card":"summary_large_image","twitter_misc":{"Verfasst von":"AdminTZVZ","Gesch\u00e4tzte Lesezeit":"1\u00a0Minute"},"schema":{"@context":"https:\/\/schema.org","@graph":[{"@type":"Article","@id":"https:\/\/visitvarazdin.hr\/de\/studio-apartman-dd\/#article","isPartOf":{"@id":"https:\/\/visitvarazdin.hr\/de\/studio-apartman-dd\/"},"author":{"name":"AdminTZVZ","@id":"https:\/\/visitvarazdin.hr\/de\/#\/schema\/person\/5a3ab1228dbb26b4dbbde0c2a42860fb"},"headline":"Studio apartman D&#038;D","datePublished":"2021-12-19T09:08:00+00:00","dateModified":"2025-02-26T13:27:07+00:00","mainEntityOfPage":{"@id":"https:\/\/visitvarazdin.hr\/de\/studio-apartman-dd\/"},"wordCount":78,"publisher":{"@id":"https:\/\/visitvarazdin.hr\/de\/#organization"},"articleSection":["Smje\u0161taj"],"inLanguage":"de"},{"@type":"WebPage","@id":"https:\/\/visitvarazdin.hr\/de\/studio-apartman-dd\/","url":"https:\/\/visitvarazdin.hr\/de\/studio-apartman-dd\/","name":"Studio apartman D&D - Turisti\u010dka zajednica grada Vara\u017edina","isPartOf":{"@id":"https:\/\/visitvarazdin.hr\/de\/#website"},"datePublished":"2021-12-19T09:08:00+00:00","dateModified":"2025-02-26T13:27:07+00:00","breadcrumb":{"@id":"https:\/\/visitvarazdin.hr\/de\/studio-apartman-dd\/#breadcrumb"},"inLanguage":"de","potentialAction":[{"@type":"ReadAction","target":["https:\/\/visitvarazdin.hr\/de\/studio-apartman-dd\/"]}]},{"@type":"BreadcrumbList","@id":"https:\/\/visitvarazdin.hr\/de\/studio-apartman-dd\/#breadcrumb","itemListElement":[{"@type":"ListItem","position":1,"name":"Po\u010detna stranica","item":"https:\/\/visitvarazdin.hr\/de\/"},{"@type":"ListItem","position":2,"name":"Studio apartman D&#038;D"}]},{"@type":"WebSite","@id":"https:\/\/visitvarazdin.hr\/de\/#website","url":"https:\/\/visitvarazdin.hr\/de\/","name":"Turisti\u010dka zajednica grada Vara\u017edina","description":"","publisher":{"@id":"https:\/\/visitvarazdin.hr\/de\/#organization"},"potentialAction":[{"@type":"SearchAction","target":{"@type":"EntryPoint","urlTemplate":"https:\/\/visitvarazdin.hr\/de\/?s={search_term_string}"},"query-input":{"@type":"PropertyValueSpecification","valueRequired":true,"valueName":"search_term_string"}}],"inLanguage":"de"},{"@type":"Organization","@id":"https:\/\/visitvarazdin.hr\/de\/#organization","name":"Turisti\u010dka zajednica grada Vara\u017edina","url":"https:\/\/visitvarazdin.hr\/de\/","logo":{"@type":"ImageObject","inLanguage":"de","@id":"https:\/\/visitvarazdin.hr\/de\/#\/schema\/logo\/image\/","url":"https:\/\/visitvarazdin.hr\/wp-content\/uploads\/2021\/10\/cropped-logo-tzgv-200-retina-189x200-1.png","contentUrl":"https:\/\/visitvarazdin.hr\/wp-content\/uploads\/2021\/10\/cropped-logo-tzgv-200-retina-189x200-1.png","width":189,"height":200,"caption":"Turisti\u010dka zajednica grada Vara\u017edina"},"image":{"@id":"https:\/\/visitvarazdin.hr\/de\/#\/schema\/logo\/image\/"}},{"@type":"Person","@id":"https:\/\/visitvarazdin.hr\/de\/#\/schema\/person\/5a3ab1228dbb26b4dbbde0c2a42860fb","name":"AdminTZVZ","sameAs":["https:\/\/visitvarazdin.hr"],"url":"https:\/\/visitvarazdin.hr\/de\/author\/admintzvz\/"}]}},"_links":{"self":[{"href":"https:\/\/visitvarazdin.hr\/de\/wp-json\/wp\/v2\/posts\/27368","targetHints":{"allow":["GET"]}}],"collection":[{"href":"https:\/\/visitvarazdin.hr\/de\/wp-json\/wp\/v2\/posts"}],"about":[{"href":"https:\/\/visitvarazdin.hr\/de\/wp-json\/wp\/v2\/types\/post"}],"author":[{"embeddable":true,"href":"https:\/\/visitvarazdin.hr\/de\/wp-json\/wp\/v2\/users\/1"}],"replies":[{"embeddable":true,"href":"https:\/\/visitvarazdin.hr\/de\/wp-json\/wp\/v2\/comments?post=27368"}],"version-history":[{"count":2,"href":"https:\/\/visitvarazdin.hr\/de\/wp-json\/wp\/v2\/posts\/27368\/revisions"}],"predecessor-version":[{"id":30002,"href":"https:\/\/visitvarazdin.hr\/de\/wp-json\/wp\/v2\/posts\/27368\/revisions\/30002"}],"wp:attachment":[{"href":"https:\/\/visitvarazdin.hr\/de\/wp-json\/wp\/v2\/media?parent=27368"}],"wp:term":[{"taxonomy":"category","embeddable":true,"href":"https:\/\/visitvarazdin.hr\/de\/wp-json\/wp\/v2\/categories?post=27368"},{"taxonomy":"post_tag","embeddable":true,"href":"https:\/\/visitvarazdin.hr\/de\/wp-json\/wp\/v2\/tags?post=27368"}],"curies":[{"name":"wp","href":"https:\/\/api.w.org\/{rel}","templated":true}]}}