{"id":27870,"date":"2024-07-09T10:30:23","date_gmt":"2024-07-09T08:30:23","guid":{"rendered":"https:\/\/visitvarazdin.hr\/the-family\/"},"modified":"2024-10-04T12:16:34","modified_gmt":"2024-10-04T10:16:34","slug":"the-family","status":"publish","type":"post","link":"https:\/\/visitvarazdin.hr\/de\/the-family\/","title":{"rendered":"The Family"},"content":{"rendered":"\n<p>In einer sorgf\u00e4ltig gestalteten Umgebung, die eine Art Museum f\u00fcr den Erfolg des kroatischen Fu\u00dfballs darstellt, k\u00f6nnen unsere G\u00e4ste ein hochwertiges Angebot an Gerichten aus hausgemachten, lokalen Zutaten probieren, begleitet von einer der gr\u00f6\u00dften Weinkarten Kroatiens mit \u00fcber 150 Weinetiketten . F\u00fcr G\u00e4ste, f\u00fcr Freunde \u2013 f\u00fcr die Familie.<\/p>\n","protected":false},"excerpt":{"rendered":"<p>In einer sorgf\u00e4ltig gestalteten Umgebung, die eine Art Museum f\u00fcr den Erfolg des kroatischen Fu\u00dfballs darstellt, k\u00f6nnen unsere G\u00e4ste ein hochwertiges Angebot an Gerichten aus hausgemachten, lokalen Zutaten probieren, begleitet von einer der gr\u00f6\u00dften Weinkarten Kroatiens mit \u00fcber 150 Weinetiketten . F\u00fcr G\u00e4ste, f\u00fcr Freunde \u2013 f\u00fcr die Familie.<\/p>\n","protected":false},"author":6,"featured_media":26011,"comment_status":"closed","ping_status":"closed","sticky":false,"template":"","format":"standard","meta":{"_acf_changed":false,"footnotes":""},"categories":[55],"tags":[],"class_list":["post-27870","post","type-post","status-publish","format-standard","has-post-thumbnail","hentry","category-essen"],"acf":[],"yoast_head":"<!-- This site is optimized with the Yoast SEO plugin v27.4 - https:\/\/yoast.com\/product\/yoast-seo-wordpress\/ -->\n<title>The Family - Turisti\u010dka zajednica grada Vara\u017edina<\/title>\n<meta name=\"robots\" content=\"index, follow, max-snippet:-1, max-image-preview:large, max-video-preview:-1\" \/>\n<link rel=\"canonical\" href=\"https:\/\/visitvarazdin.hr\/de\/the-family\/\" \/>\n<meta property=\"og:locale\" content=\"de_DE\" \/>\n<meta property=\"og:type\" content=\"article\" \/>\n<meta property=\"og:title\" content=\"The Family - Turisti\u010dka zajednica grada Vara\u017edina\" \/>\n<meta property=\"og:description\" content=\"In einer sorgf\u00e4ltig gestalteten Umgebung, die eine Art Museum f\u00fcr den Erfolg des kroatischen Fu\u00dfballs darstellt, k\u00f6nnen unsere G\u00e4ste ein hochwertiges Angebot an Gerichten aus hausgemachten, lokalen Zutaten probieren, begleitet von einer der gr\u00f6\u00dften Weinkarten Kroatiens mit \u00fcber 150 Weinetiketten . F\u00fcr G\u00e4ste, f\u00fcr Freunde \u2013 f\u00fcr die Familie.\" \/>\n<meta property=\"og:url\" content=\"https:\/\/visitvarazdin.hr\/de\/the-family\/\" \/>\n<meta property=\"og:site_name\" content=\"Turisti\u010dka zajednica grada Vara\u017edina\" \/>\n<meta property=\"article:published_time\" content=\"2024-07-09T08:30:23+00:00\" \/>\n<meta property=\"article:modified_time\" content=\"2024-10-04T10:16:34+00:00\" \/>\n<meta property=\"og:image\" content=\"https:\/\/visitvarazdin.hr\/wp-content\/uploads\/2024\/07\/the-family-rest-1.jpg\" \/>\n\t<meta property=\"og:image:width\" content=\"400\" \/>\n\t<meta property=\"og:image:height\" content=\"250\" \/>\n\t<meta property=\"og:image:type\" content=\"image\/jpeg\" \/>\n<meta name=\"author\" content=\"Ana Zorman Klinec\" \/>\n<meta name=\"twitter:card\" content=\"summary_large_image\" \/>\n<meta name=\"twitter:label1\" content=\"Verfasst von\" \/>\n\t<meta name=\"twitter:data1\" content=\"Ana Zorman Klinec\" \/>\n\t<meta name=\"twitter:label2\" content=\"Gesch\u00e4tzte Lesezeit\" \/>\n\t<meta name=\"twitter:data2\" content=\"1\u00a0Minute\" \/>\n<script type=\"application\/ld+json\" class=\"yoast-schema-graph\">{\"@context\":\"https:\\\/\\\/schema.org\",\"@graph\":[{\"@type\":\"Article\",\"@id\":\"https:\\\/\\\/visitvarazdin.hr\\\/de\\\/the-family\\\/#article\",\"isPartOf\":{\"@id\":\"https:\\\/\\\/visitvarazdin.hr\\\/de\\\/the-family\\\/\"},\"author\":{\"name\":\"Ana Zorman Klinec\",\"@id\":\"https:\\\/\\\/visitvarazdin.hr\\\/de\\\/#\\\/schema\\\/person\\\/b6bd78384bb32b393a4b1bdc638e23e6\"},\"headline\":\"The Family\",\"datePublished\":\"2024-07-09T08:30:23+00:00\",\"dateModified\":\"2024-10-04T10:16:34+00:00\",\"mainEntityOfPage\":{\"@id\":\"https:\\\/\\\/visitvarazdin.hr\\\/de\\\/the-family\\\/\"},\"wordCount\":58,\"publisher\":{\"@id\":\"https:\\\/\\\/visitvarazdin.hr\\\/de\\\/#organization\"},\"image\":{\"@id\":\"https:\\\/\\\/visitvarazdin.hr\\\/de\\\/the-family\\\/#primaryimage\"},\"thumbnailUrl\":\"https:\\\/\\\/visitvarazdin.hr\\\/wp-content\\\/uploads\\\/2024\\\/07\\\/the-family-rest-1.jpg\",\"articleSection\":[\"Essen\"],\"inLanguage\":\"de\"},{\"@type\":\"WebPage\",\"@id\":\"https:\\\/\\\/visitvarazdin.hr\\\/de\\\/the-family\\\/\",\"url\":\"https:\\\/\\\/visitvarazdin.hr\\\/de\\\/the-family\\\/\",\"name\":\"The Family - Turisti\u010dka zajednica grada Vara\u017edina\",\"isPartOf\":{\"@id\":\"https:\\\/\\\/visitvarazdin.hr\\\/de\\\/#website\"},\"primaryImageOfPage\":{\"@id\":\"https:\\\/\\\/visitvarazdin.hr\\\/de\\\/the-family\\\/#primaryimage\"},\"image\":{\"@id\":\"https:\\\/\\\/visitvarazdin.hr\\\/de\\\/the-family\\\/#primaryimage\"},\"thumbnailUrl\":\"https:\\\/\\\/visitvarazdin.hr\\\/wp-content\\\/uploads\\\/2024\\\/07\\\/the-family-rest-1.jpg\",\"datePublished\":\"2024-07-09T08:30:23+00:00\",\"dateModified\":\"2024-10-04T10:16:34+00:00\",\"breadcrumb\":{\"@id\":\"https:\\\/\\\/visitvarazdin.hr\\\/de\\\/the-family\\\/#breadcrumb\"},\"inLanguage\":\"de\",\"potentialAction\":[{\"@type\":\"ReadAction\",\"target\":[\"https:\\\/\\\/visitvarazdin.hr\\\/de\\\/the-family\\\/\"]}]},{\"@type\":\"ImageObject\",\"inLanguage\":\"de\",\"@id\":\"https:\\\/\\\/visitvarazdin.hr\\\/de\\\/the-family\\\/#primaryimage\",\"url\":\"https:\\\/\\\/visitvarazdin.hr\\\/wp-content\\\/uploads\\\/2024\\\/07\\\/the-family-rest-1.jpg\",\"contentUrl\":\"https:\\\/\\\/visitvarazdin.hr\\\/wp-content\\\/uploads\\\/2024\\\/07\\\/the-family-rest-1.jpg\",\"width\":400,\"height\":250},{\"@type\":\"BreadcrumbList\",\"@id\":\"https:\\\/\\\/visitvarazdin.hr\\\/de\\\/the-family\\\/#breadcrumb\",\"itemListElement\":[{\"@type\":\"ListItem\",\"position\":1,\"name\":\"Po\u010detna stranica\",\"item\":\"https:\\\/\\\/visitvarazdin.hr\\\/de\\\/\"},{\"@type\":\"ListItem\",\"position\":2,\"name\":\"The Family\"}]},{\"@type\":\"WebSite\",\"@id\":\"https:\\\/\\\/visitvarazdin.hr\\\/de\\\/#website\",\"url\":\"https:\\\/\\\/visitvarazdin.hr\\\/de\\\/\",\"name\":\"Turisti\u010dka zajednica grada Vara\u017edina\",\"description\":\"\",\"publisher\":{\"@id\":\"https:\\\/\\\/visitvarazdin.hr\\\/de\\\/#organization\"},\"potentialAction\":[{\"@type\":\"SearchAction\",\"target\":{\"@type\":\"EntryPoint\",\"urlTemplate\":\"https:\\\/\\\/visitvarazdin.hr\\\/de\\\/?s={search_term_string}\"},\"query-input\":{\"@type\":\"PropertyValueSpecification\",\"valueRequired\":true,\"valueName\":\"search_term_string\"}}],\"inLanguage\":\"de\"},{\"@type\":\"Organization\",\"@id\":\"https:\\\/\\\/visitvarazdin.hr\\\/de\\\/#organization\",\"name\":\"Turisti\u010dka zajednica grada Vara\u017edina\",\"url\":\"https:\\\/\\\/visitvarazdin.hr\\\/de\\\/\",\"logo\":{\"@type\":\"ImageObject\",\"inLanguage\":\"de\",\"@id\":\"https:\\\/\\\/visitvarazdin.hr\\\/de\\\/#\\\/schema\\\/logo\\\/image\\\/\",\"url\":\"https:\\\/\\\/visitvarazdin.hr\\\/wp-content\\\/uploads\\\/2021\\\/10\\\/cropped-logo-tzgv-200-retina-189x200-1.png\",\"contentUrl\":\"https:\\\/\\\/visitvarazdin.hr\\\/wp-content\\\/uploads\\\/2021\\\/10\\\/cropped-logo-tzgv-200-retina-189x200-1.png\",\"width\":189,\"height\":200,\"caption\":\"Turisti\u010dka zajednica grada Vara\u017edina\"},\"image\":{\"@id\":\"https:\\\/\\\/visitvarazdin.hr\\\/de\\\/#\\\/schema\\\/logo\\\/image\\\/\"}},{\"@type\":\"Person\",\"@id\":\"https:\\\/\\\/visitvarazdin.hr\\\/de\\\/#\\\/schema\\\/person\\\/b6bd78384bb32b393a4b1bdc638e23e6\",\"name\":\"Ana Zorman Klinec\",\"sameAs\":[\"http:\\\/\\\/www.visitvarazdin.hr\"],\"url\":\"https:\\\/\\\/visitvarazdin.hr\\\/de\\\/author\\\/tzgv\\\/\"}]}<\/script>\n<!-- \/ Yoast SEO plugin. -->","yoast_head_json":{"title":"The Family - Turisti\u010dka zajednica grada Vara\u017edina","robots":{"index":"index","follow":"follow","max-snippet":"max-snippet:-1","max-image-preview":"max-image-preview:large","max-video-preview":"max-video-preview:-1"},"canonical":"https:\/\/visitvarazdin.hr\/de\/the-family\/","og_locale":"de_DE","og_type":"article","og_title":"The Family - Turisti\u010dka zajednica grada Vara\u017edina","og_description":"In einer sorgf\u00e4ltig gestalteten Umgebung, die eine Art Museum f\u00fcr den Erfolg des kroatischen Fu\u00dfballs darstellt, k\u00f6nnen unsere G\u00e4ste ein hochwertiges Angebot an Gerichten aus hausgemachten, lokalen Zutaten probieren, begleitet von einer der gr\u00f6\u00dften Weinkarten Kroatiens mit \u00fcber 150 Weinetiketten . F\u00fcr G\u00e4ste, f\u00fcr Freunde \u2013 f\u00fcr die Familie.","og_url":"https:\/\/visitvarazdin.hr\/de\/the-family\/","og_site_name":"Turisti\u010dka zajednica grada Vara\u017edina","article_published_time":"2024-07-09T08:30:23+00:00","article_modified_time":"2024-10-04T10:16:34+00:00","og_image":[{"width":400,"height":250,"url":"https:\/\/visitvarazdin.hr\/wp-content\/uploads\/2024\/07\/the-family-rest-1.jpg","type":"image\/jpeg"}],"author":"Ana Zorman Klinec","twitter_card":"summary_large_image","twitter_misc":{"Verfasst von":"Ana Zorman Klinec","Gesch\u00e4tzte Lesezeit":"1\u00a0Minute"},"schema":{"@context":"https:\/\/schema.org","@graph":[{"@type":"Article","@id":"https:\/\/visitvarazdin.hr\/de\/the-family\/#article","isPartOf":{"@id":"https:\/\/visitvarazdin.hr\/de\/the-family\/"},"author":{"name":"Ana Zorman Klinec","@id":"https:\/\/visitvarazdin.hr\/de\/#\/schema\/person\/b6bd78384bb32b393a4b1bdc638e23e6"},"headline":"The Family","datePublished":"2024-07-09T08:30:23+00:00","dateModified":"2024-10-04T10:16:34+00:00","mainEntityOfPage":{"@id":"https:\/\/visitvarazdin.hr\/de\/the-family\/"},"wordCount":58,"publisher":{"@id":"https:\/\/visitvarazdin.hr\/de\/#organization"},"image":{"@id":"https:\/\/visitvarazdin.hr\/de\/the-family\/#primaryimage"},"thumbnailUrl":"https:\/\/visitvarazdin.hr\/wp-content\/uploads\/2024\/07\/the-family-rest-1.jpg","articleSection":["Essen"],"inLanguage":"de"},{"@type":"WebPage","@id":"https:\/\/visitvarazdin.hr\/de\/the-family\/","url":"https:\/\/visitvarazdin.hr\/de\/the-family\/","name":"The Family - Turisti\u010dka zajednica grada Vara\u017edina","isPartOf":{"@id":"https:\/\/visitvarazdin.hr\/de\/#website"},"primaryImageOfPage":{"@id":"https:\/\/visitvarazdin.hr\/de\/the-family\/#primaryimage"},"image":{"@id":"https:\/\/visitvarazdin.hr\/de\/the-family\/#primaryimage"},"thumbnailUrl":"https:\/\/visitvarazdin.hr\/wp-content\/uploads\/2024\/07\/the-family-rest-1.jpg","datePublished":"2024-07-09T08:30:23+00:00","dateModified":"2024-10-04T10:16:34+00:00","breadcrumb":{"@id":"https:\/\/visitvarazdin.hr\/de\/the-family\/#breadcrumb"},"inLanguage":"de","potentialAction":[{"@type":"ReadAction","target":["https:\/\/visitvarazdin.hr\/de\/the-family\/"]}]},{"@type":"ImageObject","inLanguage":"de","@id":"https:\/\/visitvarazdin.hr\/de\/the-family\/#primaryimage","url":"https:\/\/visitvarazdin.hr\/wp-content\/uploads\/2024\/07\/the-family-rest-1.jpg","contentUrl":"https:\/\/visitvarazdin.hr\/wp-content\/uploads\/2024\/07\/the-family-rest-1.jpg","width":400,"height":250},{"@type":"BreadcrumbList","@id":"https:\/\/visitvarazdin.hr\/de\/the-family\/#breadcrumb","itemListElement":[{"@type":"ListItem","position":1,"name":"Po\u010detna stranica","item":"https:\/\/visitvarazdin.hr\/de\/"},{"@type":"ListItem","position":2,"name":"The Family"}]},{"@type":"WebSite","@id":"https:\/\/visitvarazdin.hr\/de\/#website","url":"https:\/\/visitvarazdin.hr\/de\/","name":"Turisti\u010dka zajednica grada Vara\u017edina","description":"","publisher":{"@id":"https:\/\/visitvarazdin.hr\/de\/#organization"},"potentialAction":[{"@type":"SearchAction","target":{"@type":"EntryPoint","urlTemplate":"https:\/\/visitvarazdin.hr\/de\/?s={search_term_string}"},"query-input":{"@type":"PropertyValueSpecification","valueRequired":true,"valueName":"search_term_string"}}],"inLanguage":"de"},{"@type":"Organization","@id":"https:\/\/visitvarazdin.hr\/de\/#organization","name":"Turisti\u010dka zajednica grada Vara\u017edina","url":"https:\/\/visitvarazdin.hr\/de\/","logo":{"@type":"ImageObject","inLanguage":"de","@id":"https:\/\/visitvarazdin.hr\/de\/#\/schema\/logo\/image\/","url":"https:\/\/visitvarazdin.hr\/wp-content\/uploads\/2021\/10\/cropped-logo-tzgv-200-retina-189x200-1.png","contentUrl":"https:\/\/visitvarazdin.hr\/wp-content\/uploads\/2021\/10\/cropped-logo-tzgv-200-retina-189x200-1.png","width":189,"height":200,"caption":"Turisti\u010dka zajednica grada Vara\u017edina"},"image":{"@id":"https:\/\/visitvarazdin.hr\/de\/#\/schema\/logo\/image\/"}},{"@type":"Person","@id":"https:\/\/visitvarazdin.hr\/de\/#\/schema\/person\/b6bd78384bb32b393a4b1bdc638e23e6","name":"Ana Zorman Klinec","sameAs":["http:\/\/www.visitvarazdin.hr"],"url":"https:\/\/visitvarazdin.hr\/de\/author\/tzgv\/"}]}},"_links":{"self":[{"href":"https:\/\/visitvarazdin.hr\/de\/wp-json\/wp\/v2\/posts\/27870","targetHints":{"allow":["GET"]}}],"collection":[{"href":"https:\/\/visitvarazdin.hr\/de\/wp-json\/wp\/v2\/posts"}],"about":[{"href":"https:\/\/visitvarazdin.hr\/de\/wp-json\/wp\/v2\/types\/post"}],"author":[{"embeddable":true,"href":"https:\/\/visitvarazdin.hr\/de\/wp-json\/wp\/v2\/users\/6"}],"replies":[{"embeddable":true,"href":"https:\/\/visitvarazdin.hr\/de\/wp-json\/wp\/v2\/comments?post=27870"}],"version-history":[{"count":3,"href":"https:\/\/visitvarazdin.hr\/de\/wp-json\/wp\/v2\/posts\/27870\/revisions"}],"predecessor-version":[{"id":28069,"href":"https:\/\/visitvarazdin.hr\/de\/wp-json\/wp\/v2\/posts\/27870\/revisions\/28069"}],"wp:featuredmedia":[{"embeddable":true,"href":"https:\/\/visitvarazdin.hr\/de\/wp-json\/wp\/v2\/media\/26011"}],"wp:attachment":[{"href":"https:\/\/visitvarazdin.hr\/de\/wp-json\/wp\/v2\/media?parent=27870"}],"wp:term":[{"taxonomy":"category","embeddable":true,"href":"https:\/\/visitvarazdin.hr\/de\/wp-json\/wp\/v2\/categories?post=27870"},{"taxonomy":"post_tag","embeddable":true,"href":"https:\/\/visitvarazdin.hr\/de\/wp-json\/wp\/v2\/tags?post=27870"}],"curies":[{"name":"wp","href":"https:\/\/api.w.org\/{rel}","templated":true}]}}