{"id":28199,"date":"2021-10-08T13:23:02","date_gmt":"2021-10-08T11:23:02","guid":{"rendered":"https:\/\/visitvarazdin.hr\/apartman-rudolf\/"},"modified":"2025-02-26T14:39:45","modified_gmt":"2025-02-26T13:39:45","slug":"apartman-rudolf","status":"publish","type":"post","link":"https:\/\/visitvarazdin.hr\/de\/apartman-rudolf\/","title":{"rendered":"Apartman Rudolf"},"content":{"rendered":"\n<p>Das Apartment Rudolf bietet eine komfortable Unterkunft mit einem gro\u00dfen Garten. Das Haus wurde komplett renoviert. Es besteht aus zwei Schlafzimmern mit insgesamt 6 Betten, einem Badezimmer, einer K\u00fcche, einem Wohnzimmer und einer Terrasse mit sch\u00f6ner Aussicht auf die Berge. Neben dem Geb\u00e4ude gibt es einen Bereich f\u00fcr Spa\u00df und Spiel. Auf etwa 80 Quadratmetern gibt es verschiedene Inhalte wie Tischtennis, Billard, Darts, Tischfu\u00dfball, Brettspiele, Minibar usw. Eine ausgezeichnete Wahl f\u00fcr eine Familie mit Kindern.<\/p>\n\n\n\n<p>Anzahl Betten: 6<\/p>\n","protected":false},"excerpt":{"rendered":"<p>Das Apartment Rudolf bietet eine komfortable Unterkunft mit einem gro\u00dfen Garten. Das Haus wurde komplett renoviert. Es besteht aus zwei Schlafzimmern mit insgesamt 6 Betten, einem Badezimmer, einer K\u00fcche, einem Wohnzimmer und einer Terrasse mit sch\u00f6ner Aussicht auf die Berge. Neben dem Geb\u00e4ude gibt es einen Bereich f\u00fcr Spa\u00df und Spiel. Auf etwa 80 Quadratmetern [&hellip;]<\/p>\n","protected":false},"author":6,"featured_media":0,"comment_status":"closed","ping_status":"closed","sticky":false,"template":"","format":"standard","meta":{"_acf_changed":false,"footnotes":""},"categories":[44],"tags":[],"class_list":["post-28199","post","type-post","status-publish","format-standard","hentry","category-smjestaj-de"],"acf":[],"yoast_head":"<!-- This site is optimized with the Yoast SEO plugin v27.4 - https:\/\/yoast.com\/product\/yoast-seo-wordpress\/ -->\n<title>Apartman Rudolf - Turisti\u010dka zajednica grada Vara\u017edina<\/title>\n<meta name=\"robots\" content=\"index, follow, max-snippet:-1, max-image-preview:large, max-video-preview:-1\" \/>\n<link rel=\"canonical\" href=\"https:\/\/visitvarazdin.hr\/de\/apartman-rudolf\/\" \/>\n<meta property=\"og:locale\" content=\"de_DE\" \/>\n<meta property=\"og:type\" content=\"article\" \/>\n<meta property=\"og:title\" content=\"Apartman Rudolf - Turisti\u010dka zajednica grada Vara\u017edina\" \/>\n<meta property=\"og:description\" content=\"Das Apartment Rudolf bietet eine komfortable Unterkunft mit einem gro\u00dfen Garten. Das Haus wurde komplett renoviert. Es besteht aus zwei Schlafzimmern mit insgesamt 6 Betten, einem Badezimmer, einer K\u00fcche, einem Wohnzimmer und einer Terrasse mit sch\u00f6ner Aussicht auf die Berge. Neben dem Geb\u00e4ude gibt es einen Bereich f\u00fcr Spa\u00df und Spiel. Auf etwa 80 Quadratmetern [&hellip;]\" \/>\n<meta property=\"og:url\" content=\"https:\/\/visitvarazdin.hr\/de\/apartman-rudolf\/\" \/>\n<meta property=\"og:site_name\" content=\"Turisti\u010dka zajednica grada Vara\u017edina\" \/>\n<meta property=\"article:published_time\" content=\"2021-10-08T11:23:02+00:00\" \/>\n<meta property=\"article:modified_time\" content=\"2025-02-26T13:39:45+00:00\" \/>\n<meta name=\"author\" content=\"Ana Zorman Klinec\" \/>\n<meta name=\"twitter:card\" content=\"summary_large_image\" \/>\n<meta name=\"twitter:label1\" content=\"Verfasst von\" \/>\n\t<meta name=\"twitter:data1\" content=\"Ana Zorman Klinec\" \/>\n\t<meta name=\"twitter:label2\" content=\"Gesch\u00e4tzte Lesezeit\" \/>\n\t<meta name=\"twitter:data2\" content=\"1\u00a0Minute\" \/>\n<script type=\"application\/ld+json\" class=\"yoast-schema-graph\">{\"@context\":\"https:\\\/\\\/schema.org\",\"@graph\":[{\"@type\":\"Article\",\"@id\":\"https:\\\/\\\/visitvarazdin.hr\\\/de\\\/apartman-rudolf\\\/#article\",\"isPartOf\":{\"@id\":\"https:\\\/\\\/visitvarazdin.hr\\\/de\\\/apartman-rudolf\\\/\"},\"author\":{\"name\":\"Ana Zorman Klinec\",\"@id\":\"https:\\\/\\\/visitvarazdin.hr\\\/de\\\/#\\\/schema\\\/person\\\/b6bd78384bb32b393a4b1bdc638e23e6\"},\"headline\":\"Apartman Rudolf\",\"datePublished\":\"2021-10-08T11:23:02+00:00\",\"dateModified\":\"2025-02-26T13:39:45+00:00\",\"mainEntityOfPage\":{\"@id\":\"https:\\\/\\\/visitvarazdin.hr\\\/de\\\/apartman-rudolf\\\/\"},\"wordCount\":84,\"publisher\":{\"@id\":\"https:\\\/\\\/visitvarazdin.hr\\\/de\\\/#organization\"},\"articleSection\":[\"Smje\u0161taj\"],\"inLanguage\":\"de\"},{\"@type\":\"WebPage\",\"@id\":\"https:\\\/\\\/visitvarazdin.hr\\\/de\\\/apartman-rudolf\\\/\",\"url\":\"https:\\\/\\\/visitvarazdin.hr\\\/de\\\/apartman-rudolf\\\/\",\"name\":\"Apartman Rudolf - Turisti\u010dka zajednica grada Vara\u017edina\",\"isPartOf\":{\"@id\":\"https:\\\/\\\/visitvarazdin.hr\\\/de\\\/#website\"},\"datePublished\":\"2021-10-08T11:23:02+00:00\",\"dateModified\":\"2025-02-26T13:39:45+00:00\",\"breadcrumb\":{\"@id\":\"https:\\\/\\\/visitvarazdin.hr\\\/de\\\/apartman-rudolf\\\/#breadcrumb\"},\"inLanguage\":\"de\",\"potentialAction\":[{\"@type\":\"ReadAction\",\"target\":[\"https:\\\/\\\/visitvarazdin.hr\\\/de\\\/apartman-rudolf\\\/\"]}]},{\"@type\":\"BreadcrumbList\",\"@id\":\"https:\\\/\\\/visitvarazdin.hr\\\/de\\\/apartman-rudolf\\\/#breadcrumb\",\"itemListElement\":[{\"@type\":\"ListItem\",\"position\":1,\"name\":\"Po\u010detna stranica\",\"item\":\"https:\\\/\\\/visitvarazdin.hr\\\/de\\\/\"},{\"@type\":\"ListItem\",\"position\":2,\"name\":\"Apartman Rudolf\"}]},{\"@type\":\"WebSite\",\"@id\":\"https:\\\/\\\/visitvarazdin.hr\\\/de\\\/#website\",\"url\":\"https:\\\/\\\/visitvarazdin.hr\\\/de\\\/\",\"name\":\"Turisti\u010dka zajednica grada Vara\u017edina\",\"description\":\"\",\"publisher\":{\"@id\":\"https:\\\/\\\/visitvarazdin.hr\\\/de\\\/#organization\"},\"potentialAction\":[{\"@type\":\"SearchAction\",\"target\":{\"@type\":\"EntryPoint\",\"urlTemplate\":\"https:\\\/\\\/visitvarazdin.hr\\\/de\\\/?s={search_term_string}\"},\"query-input\":{\"@type\":\"PropertyValueSpecification\",\"valueRequired\":true,\"valueName\":\"search_term_string\"}}],\"inLanguage\":\"de\"},{\"@type\":\"Organization\",\"@id\":\"https:\\\/\\\/visitvarazdin.hr\\\/de\\\/#organization\",\"name\":\"Turisti\u010dka zajednica grada Vara\u017edina\",\"url\":\"https:\\\/\\\/visitvarazdin.hr\\\/de\\\/\",\"logo\":{\"@type\":\"ImageObject\",\"inLanguage\":\"de\",\"@id\":\"https:\\\/\\\/visitvarazdin.hr\\\/de\\\/#\\\/schema\\\/logo\\\/image\\\/\",\"url\":\"https:\\\/\\\/visitvarazdin.hr\\\/wp-content\\\/uploads\\\/2021\\\/10\\\/cropped-logo-tzgv-200-retina-189x200-1.png\",\"contentUrl\":\"https:\\\/\\\/visitvarazdin.hr\\\/wp-content\\\/uploads\\\/2021\\\/10\\\/cropped-logo-tzgv-200-retina-189x200-1.png\",\"width\":189,\"height\":200,\"caption\":\"Turisti\u010dka zajednica grada Vara\u017edina\"},\"image\":{\"@id\":\"https:\\\/\\\/visitvarazdin.hr\\\/de\\\/#\\\/schema\\\/logo\\\/image\\\/\"}},{\"@type\":\"Person\",\"@id\":\"https:\\\/\\\/visitvarazdin.hr\\\/de\\\/#\\\/schema\\\/person\\\/b6bd78384bb32b393a4b1bdc638e23e6\",\"name\":\"Ana Zorman Klinec\",\"sameAs\":[\"http:\\\/\\\/www.visitvarazdin.hr\"],\"url\":\"https:\\\/\\\/visitvarazdin.hr\\\/de\\\/author\\\/tzgv\\\/\"}]}<\/script>\n<!-- \/ Yoast SEO plugin. -->","yoast_head_json":{"title":"Apartman Rudolf - Turisti\u010dka zajednica grada Vara\u017edina","robots":{"index":"index","follow":"follow","max-snippet":"max-snippet:-1","max-image-preview":"max-image-preview:large","max-video-preview":"max-video-preview:-1"},"canonical":"https:\/\/visitvarazdin.hr\/de\/apartman-rudolf\/","og_locale":"de_DE","og_type":"article","og_title":"Apartman Rudolf - Turisti\u010dka zajednica grada Vara\u017edina","og_description":"Das Apartment Rudolf bietet eine komfortable Unterkunft mit einem gro\u00dfen Garten. Das Haus wurde komplett renoviert. Es besteht aus zwei Schlafzimmern mit insgesamt 6 Betten, einem Badezimmer, einer K\u00fcche, einem Wohnzimmer und einer Terrasse mit sch\u00f6ner Aussicht auf die Berge. Neben dem Geb\u00e4ude gibt es einen Bereich f\u00fcr Spa\u00df und Spiel. Auf etwa 80 Quadratmetern [&hellip;]","og_url":"https:\/\/visitvarazdin.hr\/de\/apartman-rudolf\/","og_site_name":"Turisti\u010dka zajednica grada Vara\u017edina","article_published_time":"2021-10-08T11:23:02+00:00","article_modified_time":"2025-02-26T13:39:45+00:00","author":"Ana Zorman Klinec","twitter_card":"summary_large_image","twitter_misc":{"Verfasst von":"Ana Zorman Klinec","Gesch\u00e4tzte Lesezeit":"1\u00a0Minute"},"schema":{"@context":"https:\/\/schema.org","@graph":[{"@type":"Article","@id":"https:\/\/visitvarazdin.hr\/de\/apartman-rudolf\/#article","isPartOf":{"@id":"https:\/\/visitvarazdin.hr\/de\/apartman-rudolf\/"},"author":{"name":"Ana Zorman Klinec","@id":"https:\/\/visitvarazdin.hr\/de\/#\/schema\/person\/b6bd78384bb32b393a4b1bdc638e23e6"},"headline":"Apartman Rudolf","datePublished":"2021-10-08T11:23:02+00:00","dateModified":"2025-02-26T13:39:45+00:00","mainEntityOfPage":{"@id":"https:\/\/visitvarazdin.hr\/de\/apartman-rudolf\/"},"wordCount":84,"publisher":{"@id":"https:\/\/visitvarazdin.hr\/de\/#organization"},"articleSection":["Smje\u0161taj"],"inLanguage":"de"},{"@type":"WebPage","@id":"https:\/\/visitvarazdin.hr\/de\/apartman-rudolf\/","url":"https:\/\/visitvarazdin.hr\/de\/apartman-rudolf\/","name":"Apartman Rudolf - Turisti\u010dka zajednica grada Vara\u017edina","isPartOf":{"@id":"https:\/\/visitvarazdin.hr\/de\/#website"},"datePublished":"2021-10-08T11:23:02+00:00","dateModified":"2025-02-26T13:39:45+00:00","breadcrumb":{"@id":"https:\/\/visitvarazdin.hr\/de\/apartman-rudolf\/#breadcrumb"},"inLanguage":"de","potentialAction":[{"@type":"ReadAction","target":["https:\/\/visitvarazdin.hr\/de\/apartman-rudolf\/"]}]},{"@type":"BreadcrumbList","@id":"https:\/\/visitvarazdin.hr\/de\/apartman-rudolf\/#breadcrumb","itemListElement":[{"@type":"ListItem","position":1,"name":"Po\u010detna stranica","item":"https:\/\/visitvarazdin.hr\/de\/"},{"@type":"ListItem","position":2,"name":"Apartman Rudolf"}]},{"@type":"WebSite","@id":"https:\/\/visitvarazdin.hr\/de\/#website","url":"https:\/\/visitvarazdin.hr\/de\/","name":"Turisti\u010dka zajednica grada Vara\u017edina","description":"","publisher":{"@id":"https:\/\/visitvarazdin.hr\/de\/#organization"},"potentialAction":[{"@type":"SearchAction","target":{"@type":"EntryPoint","urlTemplate":"https:\/\/visitvarazdin.hr\/de\/?s={search_term_string}"},"query-input":{"@type":"PropertyValueSpecification","valueRequired":true,"valueName":"search_term_string"}}],"inLanguage":"de"},{"@type":"Organization","@id":"https:\/\/visitvarazdin.hr\/de\/#organization","name":"Turisti\u010dka zajednica grada Vara\u017edina","url":"https:\/\/visitvarazdin.hr\/de\/","logo":{"@type":"ImageObject","inLanguage":"de","@id":"https:\/\/visitvarazdin.hr\/de\/#\/schema\/logo\/image\/","url":"https:\/\/visitvarazdin.hr\/wp-content\/uploads\/2021\/10\/cropped-logo-tzgv-200-retina-189x200-1.png","contentUrl":"https:\/\/visitvarazdin.hr\/wp-content\/uploads\/2021\/10\/cropped-logo-tzgv-200-retina-189x200-1.png","width":189,"height":200,"caption":"Turisti\u010dka zajednica grada Vara\u017edina"},"image":{"@id":"https:\/\/visitvarazdin.hr\/de\/#\/schema\/logo\/image\/"}},{"@type":"Person","@id":"https:\/\/visitvarazdin.hr\/de\/#\/schema\/person\/b6bd78384bb32b393a4b1bdc638e23e6","name":"Ana Zorman Klinec","sameAs":["http:\/\/www.visitvarazdin.hr"],"url":"https:\/\/visitvarazdin.hr\/de\/author\/tzgv\/"}]}},"_links":{"self":[{"href":"https:\/\/visitvarazdin.hr\/de\/wp-json\/wp\/v2\/posts\/28199","targetHints":{"allow":["GET"]}}],"collection":[{"href":"https:\/\/visitvarazdin.hr\/de\/wp-json\/wp\/v2\/posts"}],"about":[{"href":"https:\/\/visitvarazdin.hr\/de\/wp-json\/wp\/v2\/types\/post"}],"author":[{"embeddable":true,"href":"https:\/\/visitvarazdin.hr\/de\/wp-json\/wp\/v2\/users\/6"}],"replies":[{"embeddable":true,"href":"https:\/\/visitvarazdin.hr\/de\/wp-json\/wp\/v2\/comments?post=28199"}],"version-history":[{"count":2,"href":"https:\/\/visitvarazdin.hr\/de\/wp-json\/wp\/v2\/posts\/28199\/revisions"}],"predecessor-version":[{"id":30028,"href":"https:\/\/visitvarazdin.hr\/de\/wp-json\/wp\/v2\/posts\/28199\/revisions\/30028"}],"wp:attachment":[{"href":"https:\/\/visitvarazdin.hr\/de\/wp-json\/wp\/v2\/media?parent=28199"}],"wp:term":[{"taxonomy":"category","embeddable":true,"href":"https:\/\/visitvarazdin.hr\/de\/wp-json\/wp\/v2\/categories?post=28199"},{"taxonomy":"post_tag","embeddable":true,"href":"https:\/\/visitvarazdin.hr\/de\/wp-json\/wp\/v2\/tags?post=28199"}],"curies":[{"name":"wp","href":"https:\/\/api.w.org\/{rel}","templated":true}]}}