{"id":34612,"date":"2022-04-09T12:00:07","date_gmt":"2022-04-09T10:00:07","guid":{"rendered":"https:\/\/visitvarazdin.hr\/apartman-draga\/"},"modified":"2026-04-02T13:14:13","modified_gmt":"2026-04-02T11:14:13","slug":"apartman-draga","status":"publish","type":"post","link":"https:\/\/visitvarazdin.hr\/de\/apartman-draga\/","title":{"rendered":"Apartment Draga"},"content":{"rendered":"\n<p>Das Apartment Draga in Vara\u017edin ist ein modernes und komfortables Apartment, ideal f\u00fcr Urlaub, Kurztrips oder Gesch\u00e4ftsreisen. Es liegt in ruhiger Lage, nur wenige Gehminuten vom Varteks-Stadion und unweit des Stadtzentrums entfernt. Das Apartment bietet alles f\u00fcr einen komfortablen Aufenthalt und verf\u00fcgt \u00fcber WLAN, Klimaanlage, Balkon, Waschmaschine, Trockner, Smart-TV, eine moderne K\u00fcche und einen sicheren Parkplatz. Es bietet Platz f\u00fcr drei Personen und ist mit vier Sternen ausgezeichnet.<\/p>\n","protected":false},"excerpt":{"rendered":"<p>Das Apartment Draga in Vara\u017edin ist ein modernes und komfortables Apartment, ideal f\u00fcr Urlaub, Kurztrips oder Gesch\u00e4ftsreisen. Es liegt in ruhiger Lage, nur wenige Gehminuten vom Varteks-Stadion und unweit des Stadtzentrums entfernt. Das Apartment bietet alles f\u00fcr einen komfortablen Aufenthalt und verf\u00fcgt \u00fcber WLAN, Klimaanlage, Balkon, Waschmaschine, Trockner, Smart-TV, eine moderne K\u00fcche und einen sicheren [&hellip;]<\/p>\n","protected":false},"author":6,"featured_media":0,"comment_status":"closed","ping_status":"closed","sticky":false,"template":"","format":"standard","meta":{"_acf_changed":false,"footnotes":""},"categories":[44],"tags":[],"class_list":["post-34612","post","type-post","status-publish","format-standard","hentry","category-smjestaj-de"],"acf":[],"yoast_head":"<!-- This site is optimized with the Yoast SEO plugin v27.4 - https:\/\/yoast.com\/product\/yoast-seo-wordpress\/ -->\n<title>Apartment Draga - Turisti\u010dka zajednica grada Vara\u017edina<\/title>\n<meta name=\"robots\" content=\"index, follow, max-snippet:-1, max-image-preview:large, max-video-preview:-1\" \/>\n<link rel=\"canonical\" href=\"https:\/\/visitvarazdin.hr\/de\/apartman-draga\/\" \/>\n<meta property=\"og:locale\" content=\"de_DE\" \/>\n<meta property=\"og:type\" content=\"article\" \/>\n<meta property=\"og:title\" content=\"Apartment Draga - Turisti\u010dka zajednica grada Vara\u017edina\" \/>\n<meta property=\"og:description\" content=\"Das Apartment Draga in Vara\u017edin ist ein modernes und komfortables Apartment, ideal f\u00fcr Urlaub, Kurztrips oder Gesch\u00e4ftsreisen. Es liegt in ruhiger Lage, nur wenige Gehminuten vom Varteks-Stadion und unweit des Stadtzentrums entfernt. Das Apartment bietet alles f\u00fcr einen komfortablen Aufenthalt und verf\u00fcgt \u00fcber WLAN, Klimaanlage, Balkon, Waschmaschine, Trockner, Smart-TV, eine moderne K\u00fcche und einen sicheren [&hellip;]\" \/>\n<meta property=\"og:url\" content=\"https:\/\/visitvarazdin.hr\/de\/apartman-draga\/\" \/>\n<meta property=\"og:site_name\" content=\"Turisti\u010dka zajednica grada Vara\u017edina\" \/>\n<meta property=\"article:published_time\" content=\"2022-04-09T10:00:07+00:00\" \/>\n<meta property=\"article:modified_time\" content=\"2026-04-02T11:14:13+00:00\" \/>\n<meta name=\"author\" content=\"Ana Zorman Klinec\" \/>\n<meta name=\"twitter:card\" content=\"summary_large_image\" \/>\n<meta name=\"twitter:label1\" content=\"Verfasst von\" \/>\n\t<meta name=\"twitter:data1\" content=\"Ana Zorman Klinec\" \/>\n\t<meta name=\"twitter:label2\" content=\"Gesch\u00e4tzte Lesezeit\" \/>\n\t<meta name=\"twitter:data2\" content=\"1\u00a0Minute\" \/>\n<script type=\"application\/ld+json\" class=\"yoast-schema-graph\">{\"@context\":\"https:\\\/\\\/schema.org\",\"@graph\":[{\"@type\":\"Article\",\"@id\":\"https:\\\/\\\/visitvarazdin.hr\\\/de\\\/apartman-draga\\\/#article\",\"isPartOf\":{\"@id\":\"https:\\\/\\\/visitvarazdin.hr\\\/de\\\/apartman-draga\\\/\"},\"author\":{\"name\":\"Ana Zorman Klinec\",\"@id\":\"https:\\\/\\\/visitvarazdin.hr\\\/de\\\/#\\\/schema\\\/person\\\/b6bd78384bb32b393a4b1bdc638e23e6\"},\"headline\":\"Apartment Draga\",\"datePublished\":\"2022-04-09T10:00:07+00:00\",\"dateModified\":\"2026-04-02T11:14:13+00:00\",\"mainEntityOfPage\":{\"@id\":\"https:\\\/\\\/visitvarazdin.hr\\\/de\\\/apartman-draga\\\/\"},\"wordCount\":77,\"publisher\":{\"@id\":\"https:\\\/\\\/visitvarazdin.hr\\\/de\\\/#organization\"},\"articleSection\":[\"Smje\u0161taj\"],\"inLanguage\":\"de\"},{\"@type\":\"WebPage\",\"@id\":\"https:\\\/\\\/visitvarazdin.hr\\\/de\\\/apartman-draga\\\/\",\"url\":\"https:\\\/\\\/visitvarazdin.hr\\\/de\\\/apartman-draga\\\/\",\"name\":\"Apartment Draga - Turisti\u010dka zajednica grada Vara\u017edina\",\"isPartOf\":{\"@id\":\"https:\\\/\\\/visitvarazdin.hr\\\/de\\\/#website\"},\"datePublished\":\"2022-04-09T10:00:07+00:00\",\"dateModified\":\"2026-04-02T11:14:13+00:00\",\"breadcrumb\":{\"@id\":\"https:\\\/\\\/visitvarazdin.hr\\\/de\\\/apartman-draga\\\/#breadcrumb\"},\"inLanguage\":\"de\",\"potentialAction\":[{\"@type\":\"ReadAction\",\"target\":[\"https:\\\/\\\/visitvarazdin.hr\\\/de\\\/apartman-draga\\\/\"]}]},{\"@type\":\"BreadcrumbList\",\"@id\":\"https:\\\/\\\/visitvarazdin.hr\\\/de\\\/apartman-draga\\\/#breadcrumb\",\"itemListElement\":[{\"@type\":\"ListItem\",\"position\":1,\"name\":\"Po\u010detna stranica\",\"item\":\"https:\\\/\\\/visitvarazdin.hr\\\/de\\\/\"},{\"@type\":\"ListItem\",\"position\":2,\"name\":\"Apartment Draga\"}]},{\"@type\":\"WebSite\",\"@id\":\"https:\\\/\\\/visitvarazdin.hr\\\/de\\\/#website\",\"url\":\"https:\\\/\\\/visitvarazdin.hr\\\/de\\\/\",\"name\":\"Turisti\u010dka zajednica grada Vara\u017edina\",\"description\":\"\",\"publisher\":{\"@id\":\"https:\\\/\\\/visitvarazdin.hr\\\/de\\\/#organization\"},\"potentialAction\":[{\"@type\":\"SearchAction\",\"target\":{\"@type\":\"EntryPoint\",\"urlTemplate\":\"https:\\\/\\\/visitvarazdin.hr\\\/de\\\/?s={search_term_string}\"},\"query-input\":{\"@type\":\"PropertyValueSpecification\",\"valueRequired\":true,\"valueName\":\"search_term_string\"}}],\"inLanguage\":\"de\"},{\"@type\":\"Organization\",\"@id\":\"https:\\\/\\\/visitvarazdin.hr\\\/de\\\/#organization\",\"name\":\"Turisti\u010dka zajednica grada Vara\u017edina\",\"url\":\"https:\\\/\\\/visitvarazdin.hr\\\/de\\\/\",\"logo\":{\"@type\":\"ImageObject\",\"inLanguage\":\"de\",\"@id\":\"https:\\\/\\\/visitvarazdin.hr\\\/de\\\/#\\\/schema\\\/logo\\\/image\\\/\",\"url\":\"https:\\\/\\\/visitvarazdin.hr\\\/wp-content\\\/uploads\\\/2021\\\/10\\\/cropped-logo-tzgv-200-retina-189x200-1.png\",\"contentUrl\":\"https:\\\/\\\/visitvarazdin.hr\\\/wp-content\\\/uploads\\\/2021\\\/10\\\/cropped-logo-tzgv-200-retina-189x200-1.png\",\"width\":189,\"height\":200,\"caption\":\"Turisti\u010dka zajednica grada Vara\u017edina\"},\"image\":{\"@id\":\"https:\\\/\\\/visitvarazdin.hr\\\/de\\\/#\\\/schema\\\/logo\\\/image\\\/\"}},{\"@type\":\"Person\",\"@id\":\"https:\\\/\\\/visitvarazdin.hr\\\/de\\\/#\\\/schema\\\/person\\\/b6bd78384bb32b393a4b1bdc638e23e6\",\"name\":\"Ana Zorman Klinec\",\"sameAs\":[\"http:\\\/\\\/www.visitvarazdin.hr\"],\"url\":\"https:\\\/\\\/visitvarazdin.hr\\\/de\\\/author\\\/tzgv\\\/\"}]}<\/script>\n<!-- \/ Yoast SEO plugin. -->","yoast_head_json":{"title":"Apartment Draga - Turisti\u010dka zajednica grada Vara\u017edina","robots":{"index":"index","follow":"follow","max-snippet":"max-snippet:-1","max-image-preview":"max-image-preview:large","max-video-preview":"max-video-preview:-1"},"canonical":"https:\/\/visitvarazdin.hr\/de\/apartman-draga\/","og_locale":"de_DE","og_type":"article","og_title":"Apartment Draga - Turisti\u010dka zajednica grada Vara\u017edina","og_description":"Das Apartment Draga in Vara\u017edin ist ein modernes und komfortables Apartment, ideal f\u00fcr Urlaub, Kurztrips oder Gesch\u00e4ftsreisen. Es liegt in ruhiger Lage, nur wenige Gehminuten vom Varteks-Stadion und unweit des Stadtzentrums entfernt. Das Apartment bietet alles f\u00fcr einen komfortablen Aufenthalt und verf\u00fcgt \u00fcber WLAN, Klimaanlage, Balkon, Waschmaschine, Trockner, Smart-TV, eine moderne K\u00fcche und einen sicheren [&hellip;]","og_url":"https:\/\/visitvarazdin.hr\/de\/apartman-draga\/","og_site_name":"Turisti\u010dka zajednica grada Vara\u017edina","article_published_time":"2022-04-09T10:00:07+00:00","article_modified_time":"2026-04-02T11:14:13+00:00","author":"Ana Zorman Klinec","twitter_card":"summary_large_image","twitter_misc":{"Verfasst von":"Ana Zorman Klinec","Gesch\u00e4tzte Lesezeit":"1\u00a0Minute"},"schema":{"@context":"https:\/\/schema.org","@graph":[{"@type":"Article","@id":"https:\/\/visitvarazdin.hr\/de\/apartman-draga\/#article","isPartOf":{"@id":"https:\/\/visitvarazdin.hr\/de\/apartman-draga\/"},"author":{"name":"Ana Zorman Klinec","@id":"https:\/\/visitvarazdin.hr\/de\/#\/schema\/person\/b6bd78384bb32b393a4b1bdc638e23e6"},"headline":"Apartment Draga","datePublished":"2022-04-09T10:00:07+00:00","dateModified":"2026-04-02T11:14:13+00:00","mainEntityOfPage":{"@id":"https:\/\/visitvarazdin.hr\/de\/apartman-draga\/"},"wordCount":77,"publisher":{"@id":"https:\/\/visitvarazdin.hr\/de\/#organization"},"articleSection":["Smje\u0161taj"],"inLanguage":"de"},{"@type":"WebPage","@id":"https:\/\/visitvarazdin.hr\/de\/apartman-draga\/","url":"https:\/\/visitvarazdin.hr\/de\/apartman-draga\/","name":"Apartment Draga - Turisti\u010dka zajednica grada Vara\u017edina","isPartOf":{"@id":"https:\/\/visitvarazdin.hr\/de\/#website"},"datePublished":"2022-04-09T10:00:07+00:00","dateModified":"2026-04-02T11:14:13+00:00","breadcrumb":{"@id":"https:\/\/visitvarazdin.hr\/de\/apartman-draga\/#breadcrumb"},"inLanguage":"de","potentialAction":[{"@type":"ReadAction","target":["https:\/\/visitvarazdin.hr\/de\/apartman-draga\/"]}]},{"@type":"BreadcrumbList","@id":"https:\/\/visitvarazdin.hr\/de\/apartman-draga\/#breadcrumb","itemListElement":[{"@type":"ListItem","position":1,"name":"Po\u010detna stranica","item":"https:\/\/visitvarazdin.hr\/de\/"},{"@type":"ListItem","position":2,"name":"Apartment Draga"}]},{"@type":"WebSite","@id":"https:\/\/visitvarazdin.hr\/de\/#website","url":"https:\/\/visitvarazdin.hr\/de\/","name":"Turisti\u010dka zajednica grada Vara\u017edina","description":"","publisher":{"@id":"https:\/\/visitvarazdin.hr\/de\/#organization"},"potentialAction":[{"@type":"SearchAction","target":{"@type":"EntryPoint","urlTemplate":"https:\/\/visitvarazdin.hr\/de\/?s={search_term_string}"},"query-input":{"@type":"PropertyValueSpecification","valueRequired":true,"valueName":"search_term_string"}}],"inLanguage":"de"},{"@type":"Organization","@id":"https:\/\/visitvarazdin.hr\/de\/#organization","name":"Turisti\u010dka zajednica grada Vara\u017edina","url":"https:\/\/visitvarazdin.hr\/de\/","logo":{"@type":"ImageObject","inLanguage":"de","@id":"https:\/\/visitvarazdin.hr\/de\/#\/schema\/logo\/image\/","url":"https:\/\/visitvarazdin.hr\/wp-content\/uploads\/2021\/10\/cropped-logo-tzgv-200-retina-189x200-1.png","contentUrl":"https:\/\/visitvarazdin.hr\/wp-content\/uploads\/2021\/10\/cropped-logo-tzgv-200-retina-189x200-1.png","width":189,"height":200,"caption":"Turisti\u010dka zajednica grada Vara\u017edina"},"image":{"@id":"https:\/\/visitvarazdin.hr\/de\/#\/schema\/logo\/image\/"}},{"@type":"Person","@id":"https:\/\/visitvarazdin.hr\/de\/#\/schema\/person\/b6bd78384bb32b393a4b1bdc638e23e6","name":"Ana Zorman Klinec","sameAs":["http:\/\/www.visitvarazdin.hr"],"url":"https:\/\/visitvarazdin.hr\/de\/author\/tzgv\/"}]}},"_links":{"self":[{"href":"https:\/\/visitvarazdin.hr\/de\/wp-json\/wp\/v2\/posts\/34612","targetHints":{"allow":["GET"]}}],"collection":[{"href":"https:\/\/visitvarazdin.hr\/de\/wp-json\/wp\/v2\/posts"}],"about":[{"href":"https:\/\/visitvarazdin.hr\/de\/wp-json\/wp\/v2\/types\/post"}],"author":[{"embeddable":true,"href":"https:\/\/visitvarazdin.hr\/de\/wp-json\/wp\/v2\/users\/6"}],"replies":[{"embeddable":true,"href":"https:\/\/visitvarazdin.hr\/de\/wp-json\/wp\/v2\/comments?post=34612"}],"version-history":[{"count":1,"href":"https:\/\/visitvarazdin.hr\/de\/wp-json\/wp\/v2\/posts\/34612\/revisions"}],"predecessor-version":[{"id":34613,"href":"https:\/\/visitvarazdin.hr\/de\/wp-json\/wp\/v2\/posts\/34612\/revisions\/34613"}],"wp:attachment":[{"href":"https:\/\/visitvarazdin.hr\/de\/wp-json\/wp\/v2\/media?parent=34612"}],"wp:term":[{"taxonomy":"category","embeddable":true,"href":"https:\/\/visitvarazdin.hr\/de\/wp-json\/wp\/v2\/categories?post=34612"},{"taxonomy":"post_tag","embeddable":true,"href":"https:\/\/visitvarazdin.hr\/de\/wp-json\/wp\/v2\/tags?post=34612"}],"curies":[{"name":"wp","href":"https:\/\/api.w.org\/{rel}","templated":true}]}}