{"id":19293,"date":"2022-04-15T17:36:00","date_gmt":"2022-04-15T15:36:00","guid":{"rendered":"https:\/\/tzvz.simetrys.info\/garestin\/"},"modified":"2025-02-26T11:12:34","modified_gmt":"2025-02-26T10:12:34","slug":"garestin","status":"publish","type":"post","link":"https:\/\/visitvarazdin.hr\/en\/garestin\/","title":{"rendered":"GARESTIN"},"content":{"rendered":"\n<p>Not far from the city center is the guesthouse Garestin, category Komfor, whose name is also the first name for the city of Vara\u017edin. It is located in the premises of an old family house in Vara\u017edin, which includes a courtyard terrace that, with its arrangement of flowers and greenery, provides a real homely atmosphere.<\/p>\n\n\n\n<p>Number of rooms: 13<br>Number of beds: 18<\/p>\n","protected":false},"excerpt":{"rendered":"<p>Not far from the city center is the guesthouse Garestin, category Komfor, whose name is also the first name for the city of Vara\u017edin. It is located in the premises of an old family house in Vara\u017edin, which includes a courtyard terrace that, with its arrangement of flowers and greenery, provides a real homely atmosphere. [&hellip;]<\/p>\n","protected":false},"author":1,"featured_media":0,"comment_status":"closed","ping_status":"closed","sticky":false,"template":"","format":"standard","meta":{"_acf_changed":false,"footnotes":""},"categories":[36],"tags":[],"class_list":["post-19293","post","type-post","status-publish","format-standard","hentry","category-smjestaj-en"],"acf":[],"yoast_head":"<!-- This site is optimized with the Yoast SEO plugin v27.4 - https:\/\/yoast.com\/product\/yoast-seo-wordpress\/ -->\n<title>GARESTIN - Turisti\u010dka zajednica grada Vara\u017edina<\/title>\n<meta name=\"description\" content=\"Nedaleko od centra grada nalazi se restoran i pansion Garestin, kategorije Komfor, \u010dije ime je ujedno i prvi naziv za grad Vara\u017edin.\" \/>\n<meta name=\"robots\" content=\"index, follow, max-snippet:-1, max-image-preview:large, max-video-preview:-1\" \/>\n<link rel=\"canonical\" href=\"https:\/\/visitvarazdin.hr\/en\/garestin\/\" \/>\n<meta property=\"og:locale\" content=\"en_US\" \/>\n<meta property=\"og:type\" content=\"article\" \/>\n<meta property=\"og:title\" content=\"GARESTIN - Turisti\u010dka zajednica grada Vara\u017edina\" \/>\n<meta property=\"og:description\" content=\"Nedaleko od centra grada nalazi se restoran i pansion Garestin, kategorije Komfor, \u010dije ime je ujedno i prvi naziv za grad Vara\u017edin.\" \/>\n<meta property=\"og:url\" content=\"https:\/\/visitvarazdin.hr\/en\/garestin\/\" \/>\n<meta property=\"og:site_name\" content=\"Turisti\u010dka zajednica grada Vara\u017edina\" \/>\n<meta property=\"article:published_time\" content=\"2022-04-15T15:36:00+00:00\" \/>\n<meta property=\"article:modified_time\" content=\"2025-02-26T10:12:34+00:00\" \/>\n<meta name=\"author\" content=\"AdminTZVZ\" \/>\n<meta name=\"twitter:card\" content=\"summary_large_image\" \/>\n<meta name=\"twitter:label1\" content=\"Written by\" \/>\n\t<meta name=\"twitter:data1\" content=\"AdminTZVZ\" \/>\n\t<meta name=\"twitter:label2\" content=\"Est. reading time\" \/>\n\t<meta name=\"twitter:data2\" content=\"1 minute\" \/>\n<script type=\"application\/ld+json\" class=\"yoast-schema-graph\">{\"@context\":\"https:\\\/\\\/schema.org\",\"@graph\":[{\"@type\":\"Article\",\"@id\":\"https:\\\/\\\/visitvarazdin.hr\\\/en\\\/garestin\\\/#article\",\"isPartOf\":{\"@id\":\"https:\\\/\\\/visitvarazdin.hr\\\/en\\\/garestin\\\/\"},\"author\":{\"name\":\"AdminTZVZ\",\"@id\":\"https:\\\/\\\/visitvarazdin.hr\\\/en\\\/#\\\/schema\\\/person\\\/5a3ab1228dbb26b4dbbde0c2a42860fb\"},\"headline\":\"GARESTIN\",\"datePublished\":\"2022-04-15T15:36:00+00:00\",\"dateModified\":\"2025-02-26T10:12:34+00:00\",\"mainEntityOfPage\":{\"@id\":\"https:\\\/\\\/visitvarazdin.hr\\\/en\\\/garestin\\\/\"},\"wordCount\":64,\"publisher\":{\"@id\":\"https:\\\/\\\/visitvarazdin.hr\\\/en\\\/#organization\"},\"articleSection\":[\"Smje\u0161taj\"],\"inLanguage\":\"en-US\"},{\"@type\":\"WebPage\",\"@id\":\"https:\\\/\\\/visitvarazdin.hr\\\/en\\\/garestin\\\/\",\"url\":\"https:\\\/\\\/visitvarazdin.hr\\\/en\\\/garestin\\\/\",\"name\":\"GARESTIN - Turisti\u010dka zajednica grada Vara\u017edina\",\"isPartOf\":{\"@id\":\"https:\\\/\\\/visitvarazdin.hr\\\/en\\\/#website\"},\"datePublished\":\"2022-04-15T15:36:00+00:00\",\"dateModified\":\"2025-02-26T10:12:34+00:00\",\"description\":\"Nedaleko od centra grada nalazi se restoran i pansion Garestin, kategorije Komfor, \u010dije ime je ujedno i prvi naziv za grad Vara\u017edin.\",\"breadcrumb\":{\"@id\":\"https:\\\/\\\/visitvarazdin.hr\\\/en\\\/garestin\\\/#breadcrumb\"},\"inLanguage\":\"en-US\",\"potentialAction\":[{\"@type\":\"ReadAction\",\"target\":[\"https:\\\/\\\/visitvarazdin.hr\\\/en\\\/garestin\\\/\"]}]},{\"@type\":\"BreadcrumbList\",\"@id\":\"https:\\\/\\\/visitvarazdin.hr\\\/en\\\/garestin\\\/#breadcrumb\",\"itemListElement\":[{\"@type\":\"ListItem\",\"position\":1,\"name\":\"Po\u010detna stranica\",\"item\":\"https:\\\/\\\/visitvarazdin.hr\\\/en\\\/\"},{\"@type\":\"ListItem\",\"position\":2,\"name\":\"GARESTIN\"}]},{\"@type\":\"WebSite\",\"@id\":\"https:\\\/\\\/visitvarazdin.hr\\\/en\\\/#website\",\"url\":\"https:\\\/\\\/visitvarazdin.hr\\\/en\\\/\",\"name\":\"Turisti\u010dka zajednica grada Vara\u017edina\",\"description\":\"\",\"publisher\":{\"@id\":\"https:\\\/\\\/visitvarazdin.hr\\\/en\\\/#organization\"},\"potentialAction\":[{\"@type\":\"SearchAction\",\"target\":{\"@type\":\"EntryPoint\",\"urlTemplate\":\"https:\\\/\\\/visitvarazdin.hr\\\/en\\\/?s={search_term_string}\"},\"query-input\":{\"@type\":\"PropertyValueSpecification\",\"valueRequired\":true,\"valueName\":\"search_term_string\"}}],\"inLanguage\":\"en-US\"},{\"@type\":\"Organization\",\"@id\":\"https:\\\/\\\/visitvarazdin.hr\\\/en\\\/#organization\",\"name\":\"Turisti\u010dka zajednica grada Vara\u017edina\",\"url\":\"https:\\\/\\\/visitvarazdin.hr\\\/en\\\/\",\"logo\":{\"@type\":\"ImageObject\",\"inLanguage\":\"en-US\",\"@id\":\"https:\\\/\\\/visitvarazdin.hr\\\/en\\\/#\\\/schema\\\/logo\\\/image\\\/\",\"url\":\"https:\\\/\\\/visitvarazdin.hr\\\/wp-content\\\/uploads\\\/2021\\\/10\\\/cropped-logo-tzgv-200-retina-189x200-1.png\",\"contentUrl\":\"https:\\\/\\\/visitvarazdin.hr\\\/wp-content\\\/uploads\\\/2021\\\/10\\\/cropped-logo-tzgv-200-retina-189x200-1.png\",\"width\":189,\"height\":200,\"caption\":\"Turisti\u010dka zajednica grada Vara\u017edina\"},\"image\":{\"@id\":\"https:\\\/\\\/visitvarazdin.hr\\\/en\\\/#\\\/schema\\\/logo\\\/image\\\/\"}},{\"@type\":\"Person\",\"@id\":\"https:\\\/\\\/visitvarazdin.hr\\\/en\\\/#\\\/schema\\\/person\\\/5a3ab1228dbb26b4dbbde0c2a42860fb\",\"name\":\"AdminTZVZ\",\"sameAs\":[\"https:\\\/\\\/visitvarazdin.hr\"],\"url\":\"https:\\\/\\\/visitvarazdin.hr\\\/en\\\/author\\\/admintzvz\\\/\"}]}<\/script>\n<!-- \/ Yoast SEO plugin. -->","yoast_head_json":{"title":"GARESTIN - Turisti\u010dka zajednica grada Vara\u017edina","description":"Nedaleko od centra grada nalazi se restoran i pansion Garestin, kategorije Komfor, \u010dije ime je ujedno i prvi naziv za grad Vara\u017edin.","robots":{"index":"index","follow":"follow","max-snippet":"max-snippet:-1","max-image-preview":"max-image-preview:large","max-video-preview":"max-video-preview:-1"},"canonical":"https:\/\/visitvarazdin.hr\/en\/garestin\/","og_locale":"en_US","og_type":"article","og_title":"GARESTIN - Turisti\u010dka zajednica grada Vara\u017edina","og_description":"Nedaleko od centra grada nalazi se restoran i pansion Garestin, kategorije Komfor, \u010dije ime je ujedno i prvi naziv za grad Vara\u017edin.","og_url":"https:\/\/visitvarazdin.hr\/en\/garestin\/","og_site_name":"Turisti\u010dka zajednica grada Vara\u017edina","article_published_time":"2022-04-15T15:36:00+00:00","article_modified_time":"2025-02-26T10:12:34+00:00","author":"AdminTZVZ","twitter_card":"summary_large_image","twitter_misc":{"Written by":"AdminTZVZ","Est. reading time":"1 minute"},"schema":{"@context":"https:\/\/schema.org","@graph":[{"@type":"Article","@id":"https:\/\/visitvarazdin.hr\/en\/garestin\/#article","isPartOf":{"@id":"https:\/\/visitvarazdin.hr\/en\/garestin\/"},"author":{"name":"AdminTZVZ","@id":"https:\/\/visitvarazdin.hr\/en\/#\/schema\/person\/5a3ab1228dbb26b4dbbde0c2a42860fb"},"headline":"GARESTIN","datePublished":"2022-04-15T15:36:00+00:00","dateModified":"2025-02-26T10:12:34+00:00","mainEntityOfPage":{"@id":"https:\/\/visitvarazdin.hr\/en\/garestin\/"},"wordCount":64,"publisher":{"@id":"https:\/\/visitvarazdin.hr\/en\/#organization"},"articleSection":["Smje\u0161taj"],"inLanguage":"en-US"},{"@type":"WebPage","@id":"https:\/\/visitvarazdin.hr\/en\/garestin\/","url":"https:\/\/visitvarazdin.hr\/en\/garestin\/","name":"GARESTIN - Turisti\u010dka zajednica grada Vara\u017edina","isPartOf":{"@id":"https:\/\/visitvarazdin.hr\/en\/#website"},"datePublished":"2022-04-15T15:36:00+00:00","dateModified":"2025-02-26T10:12:34+00:00","description":"Nedaleko od centra grada nalazi se restoran i pansion Garestin, kategorije Komfor, \u010dije ime je ujedno i prvi naziv za grad Vara\u017edin.","breadcrumb":{"@id":"https:\/\/visitvarazdin.hr\/en\/garestin\/#breadcrumb"},"inLanguage":"en-US","potentialAction":[{"@type":"ReadAction","target":["https:\/\/visitvarazdin.hr\/en\/garestin\/"]}]},{"@type":"BreadcrumbList","@id":"https:\/\/visitvarazdin.hr\/en\/garestin\/#breadcrumb","itemListElement":[{"@type":"ListItem","position":1,"name":"Po\u010detna stranica","item":"https:\/\/visitvarazdin.hr\/en\/"},{"@type":"ListItem","position":2,"name":"GARESTIN"}]},{"@type":"WebSite","@id":"https:\/\/visitvarazdin.hr\/en\/#website","url":"https:\/\/visitvarazdin.hr\/en\/","name":"Turisti\u010dka zajednica grada Vara\u017edina","description":"","publisher":{"@id":"https:\/\/visitvarazdin.hr\/en\/#organization"},"potentialAction":[{"@type":"SearchAction","target":{"@type":"EntryPoint","urlTemplate":"https:\/\/visitvarazdin.hr\/en\/?s={search_term_string}"},"query-input":{"@type":"PropertyValueSpecification","valueRequired":true,"valueName":"search_term_string"}}],"inLanguage":"en-US"},{"@type":"Organization","@id":"https:\/\/visitvarazdin.hr\/en\/#organization","name":"Turisti\u010dka zajednica grada Vara\u017edina","url":"https:\/\/visitvarazdin.hr\/en\/","logo":{"@type":"ImageObject","inLanguage":"en-US","@id":"https:\/\/visitvarazdin.hr\/en\/#\/schema\/logo\/image\/","url":"https:\/\/visitvarazdin.hr\/wp-content\/uploads\/2021\/10\/cropped-logo-tzgv-200-retina-189x200-1.png","contentUrl":"https:\/\/visitvarazdin.hr\/wp-content\/uploads\/2021\/10\/cropped-logo-tzgv-200-retina-189x200-1.png","width":189,"height":200,"caption":"Turisti\u010dka zajednica grada Vara\u017edina"},"image":{"@id":"https:\/\/visitvarazdin.hr\/en\/#\/schema\/logo\/image\/"}},{"@type":"Person","@id":"https:\/\/visitvarazdin.hr\/en\/#\/schema\/person\/5a3ab1228dbb26b4dbbde0c2a42860fb","name":"AdminTZVZ","sameAs":["https:\/\/visitvarazdin.hr"],"url":"https:\/\/visitvarazdin.hr\/en\/author\/admintzvz\/"}]}},"_links":{"self":[{"href":"https:\/\/visitvarazdin.hr\/en\/wp-json\/wp\/v2\/posts\/19293","targetHints":{"allow":["GET"]}}],"collection":[{"href":"https:\/\/visitvarazdin.hr\/en\/wp-json\/wp\/v2\/posts"}],"about":[{"href":"https:\/\/visitvarazdin.hr\/en\/wp-json\/wp\/v2\/types\/post"}],"author":[{"embeddable":true,"href":"https:\/\/visitvarazdin.hr\/en\/wp-json\/wp\/v2\/users\/1"}],"replies":[{"embeddable":true,"href":"https:\/\/visitvarazdin.hr\/en\/wp-json\/wp\/v2\/comments?post=19293"}],"version-history":[{"count":3,"href":"https:\/\/visitvarazdin.hr\/en\/wp-json\/wp\/v2\/posts\/19293\/revisions"}],"predecessor-version":[{"id":29901,"href":"https:\/\/visitvarazdin.hr\/en\/wp-json\/wp\/v2\/posts\/19293\/revisions\/29901"}],"wp:attachment":[{"href":"https:\/\/visitvarazdin.hr\/en\/wp-json\/wp\/v2\/media?parent=19293"}],"wp:term":[{"taxonomy":"category","embeddable":true,"href":"https:\/\/visitvarazdin.hr\/en\/wp-json\/wp\/v2\/categories?post=19293"},{"taxonomy":"post_tag","embeddable":true,"href":"https:\/\/visitvarazdin.hr\/en\/wp-json\/wp\/v2\/tags?post=19293"}],"curies":[{"name":"wp","href":"https:\/\/api.w.org\/{rel}","templated":true}]}}