{"id":19313,"date":"2021-12-19T15:06:12","date_gmt":"2021-12-19T14:06:12","guid":{"rendered":"https:\/\/tzvz.simetrys.info\/apartmani-ivancica\/"},"modified":"2025-02-26T12:31:38","modified_gmt":"2025-02-26T11:31:38","slug":"apartmani-ivancica","status":"publish","type":"post","link":"https:\/\/visitvarazdin.hr\/en\/apartmani-ivancica\/","title":{"rendered":"Apartmani Ivan\u010dica"},"content":{"rendered":"\n<p>Two studio-apartments with two beds each, each equipped with a mini-kitchen with two electric cookers, a refrigerator, a sink and basic dishes.<\/p>\n\n\n\n<p>Number of beds: 2<\/p>\n","protected":false},"excerpt":{"rendered":"<p>Two studio-apartments with two beds each, each equipped with a mini-kitchen with two electric cookers, a refrigerator, a sink and basic dishes. Number of beds: 2<\/p>\n","protected":false},"author":1,"featured_media":0,"comment_status":"closed","ping_status":"closed","sticky":false,"template":"","format":"standard","meta":{"_acf_changed":false,"footnotes":""},"categories":[36],"tags":[],"class_list":["post-19313","post","type-post","status-publish","format-standard","hentry","category-smjestaj-en"],"acf":[],"yoast_head":"<!-- This site is optimized with the Yoast SEO plugin v27.4 - https:\/\/yoast.com\/product\/yoast-seo-wordpress\/ -->\n<title>Apartmani Ivan\u010dica - Turisti\u010dka zajednica grada Vara\u017edina<\/title>\n<meta name=\"robots\" content=\"index, follow, max-snippet:-1, max-image-preview:large, max-video-preview:-1\" \/>\n<link rel=\"canonical\" href=\"https:\/\/visitvarazdin.hr\/en\/apartmani-ivancica\/\" \/>\n<meta property=\"og:locale\" content=\"en_US\" \/>\n<meta property=\"og:type\" content=\"article\" \/>\n<meta property=\"og:title\" content=\"Apartmani Ivan\u010dica - Turisti\u010dka zajednica grada Vara\u017edina\" \/>\n<meta property=\"og:description\" content=\"Two studio-apartments with two beds each, each equipped with a mini-kitchen with two electric cookers, a refrigerator, a sink and basic dishes. Number of beds: 2\" \/>\n<meta property=\"og:url\" content=\"https:\/\/visitvarazdin.hr\/en\/apartmani-ivancica\/\" \/>\n<meta property=\"og:site_name\" content=\"Turisti\u010dka zajednica grada Vara\u017edina\" \/>\n<meta property=\"article:published_time\" content=\"2021-12-19T14:06:12+00:00\" \/>\n<meta property=\"article:modified_time\" content=\"2025-02-26T11:31:38+00:00\" \/>\n<meta name=\"author\" content=\"AdminTZVZ\" \/>\n<meta name=\"twitter:card\" content=\"summary_large_image\" \/>\n<meta name=\"twitter:label1\" content=\"Written by\" \/>\n\t<meta name=\"twitter:data1\" content=\"AdminTZVZ\" \/>\n\t<meta name=\"twitter:label2\" content=\"Est. reading time\" \/>\n\t<meta name=\"twitter:data2\" content=\"1 minute\" \/>\n<script type=\"application\/ld+json\" class=\"yoast-schema-graph\">{\"@context\":\"https:\\\/\\\/schema.org\",\"@graph\":[{\"@type\":\"Article\",\"@id\":\"https:\\\/\\\/visitvarazdin.hr\\\/en\\\/apartmani-ivancica\\\/#article\",\"isPartOf\":{\"@id\":\"https:\\\/\\\/visitvarazdin.hr\\\/en\\\/apartmani-ivancica\\\/\"},\"author\":{\"name\":\"AdminTZVZ\",\"@id\":\"https:\\\/\\\/visitvarazdin.hr\\\/en\\\/#\\\/schema\\\/person\\\/5a3ab1228dbb26b4dbbde0c2a42860fb\"},\"headline\":\"Apartmani Ivan\u010dica\",\"datePublished\":\"2021-12-19T14:06:12+00:00\",\"dateModified\":\"2025-02-26T11:31:38+00:00\",\"mainEntityOfPage\":{\"@id\":\"https:\\\/\\\/visitvarazdin.hr\\\/en\\\/apartmani-ivancica\\\/\"},\"wordCount\":28,\"publisher\":{\"@id\":\"https:\\\/\\\/visitvarazdin.hr\\\/en\\\/#organization\"},\"articleSection\":[\"Smje\u0161taj\"],\"inLanguage\":\"en-US\"},{\"@type\":\"WebPage\",\"@id\":\"https:\\\/\\\/visitvarazdin.hr\\\/en\\\/apartmani-ivancica\\\/\",\"url\":\"https:\\\/\\\/visitvarazdin.hr\\\/en\\\/apartmani-ivancica\\\/\",\"name\":\"Apartmani Ivan\u010dica - Turisti\u010dka zajednica grada Vara\u017edina\",\"isPartOf\":{\"@id\":\"https:\\\/\\\/visitvarazdin.hr\\\/en\\\/#website\"},\"datePublished\":\"2021-12-19T14:06:12+00:00\",\"dateModified\":\"2025-02-26T11:31:38+00:00\",\"breadcrumb\":{\"@id\":\"https:\\\/\\\/visitvarazdin.hr\\\/en\\\/apartmani-ivancica\\\/#breadcrumb\"},\"inLanguage\":\"en-US\",\"potentialAction\":[{\"@type\":\"ReadAction\",\"target\":[\"https:\\\/\\\/visitvarazdin.hr\\\/en\\\/apartmani-ivancica\\\/\"]}]},{\"@type\":\"BreadcrumbList\",\"@id\":\"https:\\\/\\\/visitvarazdin.hr\\\/en\\\/apartmani-ivancica\\\/#breadcrumb\",\"itemListElement\":[{\"@type\":\"ListItem\",\"position\":1,\"name\":\"Po\u010detna stranica\",\"item\":\"https:\\\/\\\/visitvarazdin.hr\\\/en\\\/\"},{\"@type\":\"ListItem\",\"position\":2,\"name\":\"Apartmani Ivan\u010dica\"}]},{\"@type\":\"WebSite\",\"@id\":\"https:\\\/\\\/visitvarazdin.hr\\\/en\\\/#website\",\"url\":\"https:\\\/\\\/visitvarazdin.hr\\\/en\\\/\",\"name\":\"Turisti\u010dka zajednica grada Vara\u017edina\",\"description\":\"\",\"publisher\":{\"@id\":\"https:\\\/\\\/visitvarazdin.hr\\\/en\\\/#organization\"},\"potentialAction\":[{\"@type\":\"SearchAction\",\"target\":{\"@type\":\"EntryPoint\",\"urlTemplate\":\"https:\\\/\\\/visitvarazdin.hr\\\/en\\\/?s={search_term_string}\"},\"query-input\":{\"@type\":\"PropertyValueSpecification\",\"valueRequired\":true,\"valueName\":\"search_term_string\"}}],\"inLanguage\":\"en-US\"},{\"@type\":\"Organization\",\"@id\":\"https:\\\/\\\/visitvarazdin.hr\\\/en\\\/#organization\",\"name\":\"Turisti\u010dka zajednica grada Vara\u017edina\",\"url\":\"https:\\\/\\\/visitvarazdin.hr\\\/en\\\/\",\"logo\":{\"@type\":\"ImageObject\",\"inLanguage\":\"en-US\",\"@id\":\"https:\\\/\\\/visitvarazdin.hr\\\/en\\\/#\\\/schema\\\/logo\\\/image\\\/\",\"url\":\"https:\\\/\\\/visitvarazdin.hr\\\/wp-content\\\/uploads\\\/2021\\\/10\\\/cropped-logo-tzgv-200-retina-189x200-1.png\",\"contentUrl\":\"https:\\\/\\\/visitvarazdin.hr\\\/wp-content\\\/uploads\\\/2021\\\/10\\\/cropped-logo-tzgv-200-retina-189x200-1.png\",\"width\":189,\"height\":200,\"caption\":\"Turisti\u010dka zajednica grada Vara\u017edina\"},\"image\":{\"@id\":\"https:\\\/\\\/visitvarazdin.hr\\\/en\\\/#\\\/schema\\\/logo\\\/image\\\/\"}},{\"@type\":\"Person\",\"@id\":\"https:\\\/\\\/visitvarazdin.hr\\\/en\\\/#\\\/schema\\\/person\\\/5a3ab1228dbb26b4dbbde0c2a42860fb\",\"name\":\"AdminTZVZ\",\"sameAs\":[\"https:\\\/\\\/visitvarazdin.hr\"],\"url\":\"https:\\\/\\\/visitvarazdin.hr\\\/en\\\/author\\\/admintzvz\\\/\"}]}<\/script>\n<!-- \/ Yoast SEO plugin. -->","yoast_head_json":{"title":"Apartmani Ivan\u010dica - Turisti\u010dka zajednica grada Vara\u017edina","robots":{"index":"index","follow":"follow","max-snippet":"max-snippet:-1","max-image-preview":"max-image-preview:large","max-video-preview":"max-video-preview:-1"},"canonical":"https:\/\/visitvarazdin.hr\/en\/apartmani-ivancica\/","og_locale":"en_US","og_type":"article","og_title":"Apartmani Ivan\u010dica - Turisti\u010dka zajednica grada Vara\u017edina","og_description":"Two studio-apartments with two beds each, each equipped with a mini-kitchen with two electric cookers, a refrigerator, a sink and basic dishes. Number of beds: 2","og_url":"https:\/\/visitvarazdin.hr\/en\/apartmani-ivancica\/","og_site_name":"Turisti\u010dka zajednica grada Vara\u017edina","article_published_time":"2021-12-19T14:06:12+00:00","article_modified_time":"2025-02-26T11:31:38+00:00","author":"AdminTZVZ","twitter_card":"summary_large_image","twitter_misc":{"Written by":"AdminTZVZ","Est. reading time":"1 minute"},"schema":{"@context":"https:\/\/schema.org","@graph":[{"@type":"Article","@id":"https:\/\/visitvarazdin.hr\/en\/apartmani-ivancica\/#article","isPartOf":{"@id":"https:\/\/visitvarazdin.hr\/en\/apartmani-ivancica\/"},"author":{"name":"AdminTZVZ","@id":"https:\/\/visitvarazdin.hr\/en\/#\/schema\/person\/5a3ab1228dbb26b4dbbde0c2a42860fb"},"headline":"Apartmani Ivan\u010dica","datePublished":"2021-12-19T14:06:12+00:00","dateModified":"2025-02-26T11:31:38+00:00","mainEntityOfPage":{"@id":"https:\/\/visitvarazdin.hr\/en\/apartmani-ivancica\/"},"wordCount":28,"publisher":{"@id":"https:\/\/visitvarazdin.hr\/en\/#organization"},"articleSection":["Smje\u0161taj"],"inLanguage":"en-US"},{"@type":"WebPage","@id":"https:\/\/visitvarazdin.hr\/en\/apartmani-ivancica\/","url":"https:\/\/visitvarazdin.hr\/en\/apartmani-ivancica\/","name":"Apartmani Ivan\u010dica - Turisti\u010dka zajednica grada Vara\u017edina","isPartOf":{"@id":"https:\/\/visitvarazdin.hr\/en\/#website"},"datePublished":"2021-12-19T14:06:12+00:00","dateModified":"2025-02-26T11:31:38+00:00","breadcrumb":{"@id":"https:\/\/visitvarazdin.hr\/en\/apartmani-ivancica\/#breadcrumb"},"inLanguage":"en-US","potentialAction":[{"@type":"ReadAction","target":["https:\/\/visitvarazdin.hr\/en\/apartmani-ivancica\/"]}]},{"@type":"BreadcrumbList","@id":"https:\/\/visitvarazdin.hr\/en\/apartmani-ivancica\/#breadcrumb","itemListElement":[{"@type":"ListItem","position":1,"name":"Po\u010detna stranica","item":"https:\/\/visitvarazdin.hr\/en\/"},{"@type":"ListItem","position":2,"name":"Apartmani Ivan\u010dica"}]},{"@type":"WebSite","@id":"https:\/\/visitvarazdin.hr\/en\/#website","url":"https:\/\/visitvarazdin.hr\/en\/","name":"Turisti\u010dka zajednica grada Vara\u017edina","description":"","publisher":{"@id":"https:\/\/visitvarazdin.hr\/en\/#organization"},"potentialAction":[{"@type":"SearchAction","target":{"@type":"EntryPoint","urlTemplate":"https:\/\/visitvarazdin.hr\/en\/?s={search_term_string}"},"query-input":{"@type":"PropertyValueSpecification","valueRequired":true,"valueName":"search_term_string"}}],"inLanguage":"en-US"},{"@type":"Organization","@id":"https:\/\/visitvarazdin.hr\/en\/#organization","name":"Turisti\u010dka zajednica grada Vara\u017edina","url":"https:\/\/visitvarazdin.hr\/en\/","logo":{"@type":"ImageObject","inLanguage":"en-US","@id":"https:\/\/visitvarazdin.hr\/en\/#\/schema\/logo\/image\/","url":"https:\/\/visitvarazdin.hr\/wp-content\/uploads\/2021\/10\/cropped-logo-tzgv-200-retina-189x200-1.png","contentUrl":"https:\/\/visitvarazdin.hr\/wp-content\/uploads\/2021\/10\/cropped-logo-tzgv-200-retina-189x200-1.png","width":189,"height":200,"caption":"Turisti\u010dka zajednica grada Vara\u017edina"},"image":{"@id":"https:\/\/visitvarazdin.hr\/en\/#\/schema\/logo\/image\/"}},{"@type":"Person","@id":"https:\/\/visitvarazdin.hr\/en\/#\/schema\/person\/5a3ab1228dbb26b4dbbde0c2a42860fb","name":"AdminTZVZ","sameAs":["https:\/\/visitvarazdin.hr"],"url":"https:\/\/visitvarazdin.hr\/en\/author\/admintzvz\/"}]}},"_links":{"self":[{"href":"https:\/\/visitvarazdin.hr\/en\/wp-json\/wp\/v2\/posts\/19313","targetHints":{"allow":["GET"]}}],"collection":[{"href":"https:\/\/visitvarazdin.hr\/en\/wp-json\/wp\/v2\/posts"}],"about":[{"href":"https:\/\/visitvarazdin.hr\/en\/wp-json\/wp\/v2\/types\/post"}],"author":[{"embeddable":true,"href":"https:\/\/visitvarazdin.hr\/en\/wp-json\/wp\/v2\/users\/1"}],"replies":[{"embeddable":true,"href":"https:\/\/visitvarazdin.hr\/en\/wp-json\/wp\/v2\/comments?post=19313"}],"version-history":[{"count":3,"href":"https:\/\/visitvarazdin.hr\/en\/wp-json\/wp\/v2\/posts\/19313\/revisions"}],"predecessor-version":[{"id":29971,"href":"https:\/\/visitvarazdin.hr\/en\/wp-json\/wp\/v2\/posts\/19313\/revisions\/29971"}],"wp:attachment":[{"href":"https:\/\/visitvarazdin.hr\/en\/wp-json\/wp\/v2\/media?parent=19313"}],"wp:term":[{"taxonomy":"category","embeddable":true,"href":"https:\/\/visitvarazdin.hr\/en\/wp-json\/wp\/v2\/categories?post=19313"},{"taxonomy":"post_tag","embeddable":true,"href":"https:\/\/visitvarazdin.hr\/en\/wp-json\/wp\/v2\/tags?post=19313"}],"curies":[{"name":"wp","href":"https:\/\/api.w.org\/{rel}","templated":true}]}}