{"id":29874,"date":"2025-02-26T10:45:47","date_gmt":"2025-02-26T09:45:47","guid":{"rendered":"https:\/\/visitvarazdin.hr\/barococo\/"},"modified":"2026-01-22T11:14:19","modified_gmt":"2026-01-22T10:14:19","slug":"barococo","status":"publish","type":"post","link":"https:\/\/visitvarazdin.hr\/en\/barococo\/","title":{"rendered":"Barococo"},"content":{"rendered":"\n<p>Barococo Restaurant is located in the center of Vara\u017edin, whose menu is based on excellent barbecue, which is recognizable among guests. Here you can try the original Leskovac barbecue, which is characterized by juiciness and fine meat from Croatian breeding, which is prepared on a charcoal grill. The menu also includes pasta according to the original recipe, traditional dishes of our region, as well as daily lunches and homemade desserts.<\/p>\n","protected":false},"excerpt":{"rendered":"<p>Barococo Restaurant is located in the center of Vara\u017edin, whose menu is based on excellent barbecue, which is recognizable among guests. Here you can try the original Leskovac barbecue, which is characterized by juiciness and fine meat from Croatian breeding, which is prepared on a charcoal grill. The menu also includes pasta according to the [&hellip;]<\/p>\n","protected":false},"author":6,"featured_media":0,"comment_status":"closed","ping_status":"closed","sticky":false,"template":"","format":"standard","meta":{"_acf_changed":false,"footnotes":""},"categories":[54],"tags":[],"class_list":["post-29874","post","type-post","status-publish","format-standard","hentry","category-food"],"acf":[],"yoast_head":"<!-- This site is optimized with the Yoast SEO plugin v27.4 - https:\/\/yoast.com\/product\/yoast-seo-wordpress\/ -->\n<title>Barococo - Turisti\u010dka zajednica grada Vara\u017edina<\/title>\n<meta name=\"robots\" content=\"index, follow, max-snippet:-1, max-image-preview:large, max-video-preview:-1\" \/>\n<link rel=\"canonical\" href=\"https:\/\/visitvarazdin.hr\/en\/barococo\/\" \/>\n<meta property=\"og:locale\" content=\"en_US\" \/>\n<meta property=\"og:type\" content=\"article\" \/>\n<meta property=\"og:title\" content=\"Barococo - Turisti\u010dka zajednica grada Vara\u017edina\" \/>\n<meta property=\"og:description\" content=\"Barococo Restaurant is located in the center of Vara\u017edin, whose menu is based on excellent barbecue, which is recognizable among guests. Here you can try the original Leskovac barbecue, which is characterized by juiciness and fine meat from Croatian breeding, which is prepared on a charcoal grill. The menu also includes pasta according to the [&hellip;]\" \/>\n<meta property=\"og:url\" content=\"https:\/\/visitvarazdin.hr\/en\/barococo\/\" \/>\n<meta property=\"og:site_name\" content=\"Turisti\u010dka zajednica grada Vara\u017edina\" \/>\n<meta property=\"article:published_time\" content=\"2025-02-26T09:45:47+00:00\" \/>\n<meta property=\"article:modified_time\" content=\"2026-01-22T10:14:19+00:00\" \/>\n<meta name=\"author\" content=\"Ana Zorman Klinec\" \/>\n<meta name=\"twitter:card\" content=\"summary_large_image\" \/>\n<meta name=\"twitter:label1\" content=\"Written by\" \/>\n\t<meta name=\"twitter:data1\" content=\"Ana Zorman Klinec\" \/>\n\t<meta name=\"twitter:label2\" content=\"Est. reading time\" \/>\n\t<meta name=\"twitter:data2\" content=\"1 minute\" \/>\n<script type=\"application\/ld+json\" class=\"yoast-schema-graph\">{\"@context\":\"https:\\\/\\\/schema.org\",\"@graph\":[{\"@type\":\"Article\",\"@id\":\"https:\\\/\\\/visitvarazdin.hr\\\/en\\\/barococo\\\/#article\",\"isPartOf\":{\"@id\":\"https:\\\/\\\/visitvarazdin.hr\\\/en\\\/barococo\\\/\"},\"author\":{\"name\":\"Ana Zorman Klinec\",\"@id\":\"https:\\\/\\\/visitvarazdin.hr\\\/en\\\/#\\\/schema\\\/person\\\/b6bd78384bb32b393a4b1bdc638e23e6\"},\"headline\":\"Barococo\",\"datePublished\":\"2025-02-26T09:45:47+00:00\",\"dateModified\":\"2026-01-22T10:14:19+00:00\",\"mainEntityOfPage\":{\"@id\":\"https:\\\/\\\/visitvarazdin.hr\\\/en\\\/barococo\\\/\"},\"wordCount\":72,\"publisher\":{\"@id\":\"https:\\\/\\\/visitvarazdin.hr\\\/en\\\/#organization\"},\"articleSection\":[\"Food\"],\"inLanguage\":\"en-US\"},{\"@type\":\"WebPage\",\"@id\":\"https:\\\/\\\/visitvarazdin.hr\\\/en\\\/barococo\\\/\",\"url\":\"https:\\\/\\\/visitvarazdin.hr\\\/en\\\/barococo\\\/\",\"name\":\"Barococo - Turisti\u010dka zajednica grada Vara\u017edina\",\"isPartOf\":{\"@id\":\"https:\\\/\\\/visitvarazdin.hr\\\/en\\\/#website\"},\"datePublished\":\"2025-02-26T09:45:47+00:00\",\"dateModified\":\"2026-01-22T10:14:19+00:00\",\"breadcrumb\":{\"@id\":\"https:\\\/\\\/visitvarazdin.hr\\\/en\\\/barococo\\\/#breadcrumb\"},\"inLanguage\":\"en-US\",\"potentialAction\":[{\"@type\":\"ReadAction\",\"target\":[\"https:\\\/\\\/visitvarazdin.hr\\\/en\\\/barococo\\\/\"]}]},{\"@type\":\"BreadcrumbList\",\"@id\":\"https:\\\/\\\/visitvarazdin.hr\\\/en\\\/barococo\\\/#breadcrumb\",\"itemListElement\":[{\"@type\":\"ListItem\",\"position\":1,\"name\":\"Po\u010detna stranica\",\"item\":\"https:\\\/\\\/visitvarazdin.hr\\\/en\\\/\"},{\"@type\":\"ListItem\",\"position\":2,\"name\":\"Barococo\"}]},{\"@type\":\"WebSite\",\"@id\":\"https:\\\/\\\/visitvarazdin.hr\\\/en\\\/#website\",\"url\":\"https:\\\/\\\/visitvarazdin.hr\\\/en\\\/\",\"name\":\"Turisti\u010dka zajednica grada Vara\u017edina\",\"description\":\"\",\"publisher\":{\"@id\":\"https:\\\/\\\/visitvarazdin.hr\\\/en\\\/#organization\"},\"potentialAction\":[{\"@type\":\"SearchAction\",\"target\":{\"@type\":\"EntryPoint\",\"urlTemplate\":\"https:\\\/\\\/visitvarazdin.hr\\\/en\\\/?s={search_term_string}\"},\"query-input\":{\"@type\":\"PropertyValueSpecification\",\"valueRequired\":true,\"valueName\":\"search_term_string\"}}],\"inLanguage\":\"en-US\"},{\"@type\":\"Organization\",\"@id\":\"https:\\\/\\\/visitvarazdin.hr\\\/en\\\/#organization\",\"name\":\"Turisti\u010dka zajednica grada Vara\u017edina\",\"url\":\"https:\\\/\\\/visitvarazdin.hr\\\/en\\\/\",\"logo\":{\"@type\":\"ImageObject\",\"inLanguage\":\"en-US\",\"@id\":\"https:\\\/\\\/visitvarazdin.hr\\\/en\\\/#\\\/schema\\\/logo\\\/image\\\/\",\"url\":\"https:\\\/\\\/visitvarazdin.hr\\\/wp-content\\\/uploads\\\/2021\\\/10\\\/cropped-logo-tzgv-200-retina-189x200-1.png\",\"contentUrl\":\"https:\\\/\\\/visitvarazdin.hr\\\/wp-content\\\/uploads\\\/2021\\\/10\\\/cropped-logo-tzgv-200-retina-189x200-1.png\",\"width\":189,\"height\":200,\"caption\":\"Turisti\u010dka zajednica grada Vara\u017edina\"},\"image\":{\"@id\":\"https:\\\/\\\/visitvarazdin.hr\\\/en\\\/#\\\/schema\\\/logo\\\/image\\\/\"}},{\"@type\":\"Person\",\"@id\":\"https:\\\/\\\/visitvarazdin.hr\\\/en\\\/#\\\/schema\\\/person\\\/b6bd78384bb32b393a4b1bdc638e23e6\",\"name\":\"Ana Zorman Klinec\",\"sameAs\":[\"http:\\\/\\\/www.visitvarazdin.hr\"],\"url\":\"https:\\\/\\\/visitvarazdin.hr\\\/en\\\/author\\\/tzgv\\\/\"}]}<\/script>\n<!-- \/ Yoast SEO plugin. -->","yoast_head_json":{"title":"Barococo - Turisti\u010dka zajednica grada Vara\u017edina","robots":{"index":"index","follow":"follow","max-snippet":"max-snippet:-1","max-image-preview":"max-image-preview:large","max-video-preview":"max-video-preview:-1"},"canonical":"https:\/\/visitvarazdin.hr\/en\/barococo\/","og_locale":"en_US","og_type":"article","og_title":"Barococo - Turisti\u010dka zajednica grada Vara\u017edina","og_description":"Barococo Restaurant is located in the center of Vara\u017edin, whose menu is based on excellent barbecue, which is recognizable among guests. Here you can try the original Leskovac barbecue, which is characterized by juiciness and fine meat from Croatian breeding, which is prepared on a charcoal grill. The menu also includes pasta according to the [&hellip;]","og_url":"https:\/\/visitvarazdin.hr\/en\/barococo\/","og_site_name":"Turisti\u010dka zajednica grada Vara\u017edina","article_published_time":"2025-02-26T09:45:47+00:00","article_modified_time":"2026-01-22T10:14:19+00:00","author":"Ana Zorman Klinec","twitter_card":"summary_large_image","twitter_misc":{"Written by":"Ana Zorman Klinec","Est. reading time":"1 minute"},"schema":{"@context":"https:\/\/schema.org","@graph":[{"@type":"Article","@id":"https:\/\/visitvarazdin.hr\/en\/barococo\/#article","isPartOf":{"@id":"https:\/\/visitvarazdin.hr\/en\/barococo\/"},"author":{"name":"Ana Zorman Klinec","@id":"https:\/\/visitvarazdin.hr\/en\/#\/schema\/person\/b6bd78384bb32b393a4b1bdc638e23e6"},"headline":"Barococo","datePublished":"2025-02-26T09:45:47+00:00","dateModified":"2026-01-22T10:14:19+00:00","mainEntityOfPage":{"@id":"https:\/\/visitvarazdin.hr\/en\/barococo\/"},"wordCount":72,"publisher":{"@id":"https:\/\/visitvarazdin.hr\/en\/#organization"},"articleSection":["Food"],"inLanguage":"en-US"},{"@type":"WebPage","@id":"https:\/\/visitvarazdin.hr\/en\/barococo\/","url":"https:\/\/visitvarazdin.hr\/en\/barococo\/","name":"Barococo - Turisti\u010dka zajednica grada Vara\u017edina","isPartOf":{"@id":"https:\/\/visitvarazdin.hr\/en\/#website"},"datePublished":"2025-02-26T09:45:47+00:00","dateModified":"2026-01-22T10:14:19+00:00","breadcrumb":{"@id":"https:\/\/visitvarazdin.hr\/en\/barococo\/#breadcrumb"},"inLanguage":"en-US","potentialAction":[{"@type":"ReadAction","target":["https:\/\/visitvarazdin.hr\/en\/barococo\/"]}]},{"@type":"BreadcrumbList","@id":"https:\/\/visitvarazdin.hr\/en\/barococo\/#breadcrumb","itemListElement":[{"@type":"ListItem","position":1,"name":"Po\u010detna stranica","item":"https:\/\/visitvarazdin.hr\/en\/"},{"@type":"ListItem","position":2,"name":"Barococo"}]},{"@type":"WebSite","@id":"https:\/\/visitvarazdin.hr\/en\/#website","url":"https:\/\/visitvarazdin.hr\/en\/","name":"Turisti\u010dka zajednica grada Vara\u017edina","description":"","publisher":{"@id":"https:\/\/visitvarazdin.hr\/en\/#organization"},"potentialAction":[{"@type":"SearchAction","target":{"@type":"EntryPoint","urlTemplate":"https:\/\/visitvarazdin.hr\/en\/?s={search_term_string}"},"query-input":{"@type":"PropertyValueSpecification","valueRequired":true,"valueName":"search_term_string"}}],"inLanguage":"en-US"},{"@type":"Organization","@id":"https:\/\/visitvarazdin.hr\/en\/#organization","name":"Turisti\u010dka zajednica grada Vara\u017edina","url":"https:\/\/visitvarazdin.hr\/en\/","logo":{"@type":"ImageObject","inLanguage":"en-US","@id":"https:\/\/visitvarazdin.hr\/en\/#\/schema\/logo\/image\/","url":"https:\/\/visitvarazdin.hr\/wp-content\/uploads\/2021\/10\/cropped-logo-tzgv-200-retina-189x200-1.png","contentUrl":"https:\/\/visitvarazdin.hr\/wp-content\/uploads\/2021\/10\/cropped-logo-tzgv-200-retina-189x200-1.png","width":189,"height":200,"caption":"Turisti\u010dka zajednica grada Vara\u017edina"},"image":{"@id":"https:\/\/visitvarazdin.hr\/en\/#\/schema\/logo\/image\/"}},{"@type":"Person","@id":"https:\/\/visitvarazdin.hr\/en\/#\/schema\/person\/b6bd78384bb32b393a4b1bdc638e23e6","name":"Ana Zorman Klinec","sameAs":["http:\/\/www.visitvarazdin.hr"],"url":"https:\/\/visitvarazdin.hr\/en\/author\/tzgv\/"}]}},"_links":{"self":[{"href":"https:\/\/visitvarazdin.hr\/en\/wp-json\/wp\/v2\/posts\/29874","targetHints":{"allow":["GET"]}}],"collection":[{"href":"https:\/\/visitvarazdin.hr\/en\/wp-json\/wp\/v2\/posts"}],"about":[{"href":"https:\/\/visitvarazdin.hr\/en\/wp-json\/wp\/v2\/types\/post"}],"author":[{"embeddable":true,"href":"https:\/\/visitvarazdin.hr\/en\/wp-json\/wp\/v2\/users\/6"}],"replies":[{"embeddable":true,"href":"https:\/\/visitvarazdin.hr\/en\/wp-json\/wp\/v2\/comments?post=29874"}],"version-history":[{"count":2,"href":"https:\/\/visitvarazdin.hr\/en\/wp-json\/wp\/v2\/posts\/29874\/revisions"}],"predecessor-version":[{"id":33285,"href":"https:\/\/visitvarazdin.hr\/en\/wp-json\/wp\/v2\/posts\/29874\/revisions\/33285"}],"wp:attachment":[{"href":"https:\/\/visitvarazdin.hr\/en\/wp-json\/wp\/v2\/media?parent=29874"}],"wp:term":[{"taxonomy":"category","embeddable":true,"href":"https:\/\/visitvarazdin.hr\/en\/wp-json\/wp\/v2\/categories?post=29874"},{"taxonomy":"post_tag","embeddable":true,"href":"https:\/\/visitvarazdin.hr\/en\/wp-json\/wp\/v2\/tags?post=29874"}],"curies":[{"name":"wp","href":"https:\/\/api.w.org\/{rel}","templated":true}]}}