{"id":34609,"date":"2022-04-09T12:00:07","date_gmt":"2022-04-09T10:00:07","guid":{"rendered":"https:\/\/visitvarazdin.hr\/apartman-draga\/"},"modified":"2026-04-02T13:13:42","modified_gmt":"2026-04-02T11:13:42","slug":"apartman-draga","status":"publish","type":"post","link":"https:\/\/visitvarazdin.hr\/en\/apartman-draga\/","title":{"rendered":"Apartment Draga"},"content":{"rendered":"\n<p>Apartment Draga is a modern and comfortable apartment in Vara\u017edin, perfect for a vacation, short stay or business trip. It is located in a quiet location, just a few minutes walk from the Varteks Stadium and a short distance from the city center. The apartment is adapted for a comfortable stay and offers everything necessary for the guest to feel relaxed and carefree, and is equipped with: wi-fi, air conditioning, balcony, washing machine, dryer, smart TV, modern kitchen and secured parking. The apartment offers accommodation for three people and has four stars.<\/p>\n","protected":false},"excerpt":{"rendered":"<p>Apartment Draga is a modern and comfortable apartment in Vara\u017edin, perfect for a vacation, short stay or business trip. It is located in a quiet location, just a few minutes walk from the Varteks Stadium and a short distance from the city center. The apartment is adapted for a comfortable stay and offers everything necessary [&hellip;]<\/p>\n","protected":false},"author":6,"featured_media":0,"comment_status":"closed","ping_status":"closed","sticky":false,"template":"","format":"standard","meta":{"_acf_changed":false,"footnotes":""},"categories":[36],"tags":[],"class_list":["post-34609","post","type-post","status-publish","format-standard","hentry","category-smjestaj-en"],"acf":[],"yoast_head":"<!-- This site is optimized with the Yoast SEO plugin v27.4 - https:\/\/yoast.com\/product\/yoast-seo-wordpress\/ -->\n<title>Apartment Draga - Turisti\u010dka zajednica grada Vara\u017edina<\/title>\n<meta name=\"robots\" content=\"index, follow, max-snippet:-1, max-image-preview:large, max-video-preview:-1\" \/>\n<link rel=\"canonical\" href=\"https:\/\/visitvarazdin.hr\/en\/apartman-draga\/\" \/>\n<meta property=\"og:locale\" content=\"en_US\" \/>\n<meta property=\"og:type\" content=\"article\" \/>\n<meta property=\"og:title\" content=\"Apartment Draga - Turisti\u010dka zajednica grada Vara\u017edina\" \/>\n<meta property=\"og:description\" content=\"Apartment Draga is a modern and comfortable apartment in Vara\u017edin, perfect for a vacation, short stay or business trip. It is located in a quiet location, just a few minutes walk from the Varteks Stadium and a short distance from the city center. The apartment is adapted for a comfortable stay and offers everything necessary [&hellip;]\" \/>\n<meta property=\"og:url\" content=\"https:\/\/visitvarazdin.hr\/en\/apartman-draga\/\" \/>\n<meta property=\"og:site_name\" content=\"Turisti\u010dka zajednica grada Vara\u017edina\" \/>\n<meta property=\"article:published_time\" content=\"2022-04-09T10:00:07+00:00\" \/>\n<meta property=\"article:modified_time\" content=\"2026-04-02T11:13:42+00:00\" \/>\n<meta name=\"author\" content=\"Ana Zorman Klinec\" \/>\n<meta name=\"twitter:card\" content=\"summary_large_image\" \/>\n<meta name=\"twitter:label1\" content=\"Written by\" \/>\n\t<meta name=\"twitter:data1\" content=\"Ana Zorman Klinec\" \/>\n\t<meta name=\"twitter:label2\" content=\"Est. reading time\" \/>\n\t<meta name=\"twitter:data2\" content=\"1 minute\" \/>\n<script type=\"application\/ld+json\" class=\"yoast-schema-graph\">{\"@context\":\"https:\\\/\\\/schema.org\",\"@graph\":[{\"@type\":\"Article\",\"@id\":\"https:\\\/\\\/visitvarazdin.hr\\\/en\\\/apartman-draga\\\/#article\",\"isPartOf\":{\"@id\":\"https:\\\/\\\/visitvarazdin.hr\\\/en\\\/apartman-draga\\\/\"},\"author\":{\"name\":\"Ana Zorman Klinec\",\"@id\":\"https:\\\/\\\/visitvarazdin.hr\\\/en\\\/#\\\/schema\\\/person\\\/b6bd78384bb32b393a4b1bdc638e23e6\"},\"headline\":\"Apartment Draga\",\"datePublished\":\"2022-04-09T10:00:07+00:00\",\"dateModified\":\"2026-04-02T11:13:42+00:00\",\"mainEntityOfPage\":{\"@id\":\"https:\\\/\\\/visitvarazdin.hr\\\/en\\\/apartman-draga\\\/\"},\"wordCount\":95,\"publisher\":{\"@id\":\"https:\\\/\\\/visitvarazdin.hr\\\/en\\\/#organization\"},\"articleSection\":[\"Smje\u0161taj\"],\"inLanguage\":\"en-US\"},{\"@type\":\"WebPage\",\"@id\":\"https:\\\/\\\/visitvarazdin.hr\\\/en\\\/apartman-draga\\\/\",\"url\":\"https:\\\/\\\/visitvarazdin.hr\\\/en\\\/apartman-draga\\\/\",\"name\":\"Apartment Draga - Turisti\u010dka zajednica grada Vara\u017edina\",\"isPartOf\":{\"@id\":\"https:\\\/\\\/visitvarazdin.hr\\\/en\\\/#website\"},\"datePublished\":\"2022-04-09T10:00:07+00:00\",\"dateModified\":\"2026-04-02T11:13:42+00:00\",\"breadcrumb\":{\"@id\":\"https:\\\/\\\/visitvarazdin.hr\\\/en\\\/apartman-draga\\\/#breadcrumb\"},\"inLanguage\":\"en-US\",\"potentialAction\":[{\"@type\":\"ReadAction\",\"target\":[\"https:\\\/\\\/visitvarazdin.hr\\\/en\\\/apartman-draga\\\/\"]}]},{\"@type\":\"BreadcrumbList\",\"@id\":\"https:\\\/\\\/visitvarazdin.hr\\\/en\\\/apartman-draga\\\/#breadcrumb\",\"itemListElement\":[{\"@type\":\"ListItem\",\"position\":1,\"name\":\"Po\u010detna stranica\",\"item\":\"https:\\\/\\\/visitvarazdin.hr\\\/en\\\/\"},{\"@type\":\"ListItem\",\"position\":2,\"name\":\"Apartment Draga\"}]},{\"@type\":\"WebSite\",\"@id\":\"https:\\\/\\\/visitvarazdin.hr\\\/en\\\/#website\",\"url\":\"https:\\\/\\\/visitvarazdin.hr\\\/en\\\/\",\"name\":\"Turisti\u010dka zajednica grada Vara\u017edina\",\"description\":\"\",\"publisher\":{\"@id\":\"https:\\\/\\\/visitvarazdin.hr\\\/en\\\/#organization\"},\"potentialAction\":[{\"@type\":\"SearchAction\",\"target\":{\"@type\":\"EntryPoint\",\"urlTemplate\":\"https:\\\/\\\/visitvarazdin.hr\\\/en\\\/?s={search_term_string}\"},\"query-input\":{\"@type\":\"PropertyValueSpecification\",\"valueRequired\":true,\"valueName\":\"search_term_string\"}}],\"inLanguage\":\"en-US\"},{\"@type\":\"Organization\",\"@id\":\"https:\\\/\\\/visitvarazdin.hr\\\/en\\\/#organization\",\"name\":\"Turisti\u010dka zajednica grada Vara\u017edina\",\"url\":\"https:\\\/\\\/visitvarazdin.hr\\\/en\\\/\",\"logo\":{\"@type\":\"ImageObject\",\"inLanguage\":\"en-US\",\"@id\":\"https:\\\/\\\/visitvarazdin.hr\\\/en\\\/#\\\/schema\\\/logo\\\/image\\\/\",\"url\":\"https:\\\/\\\/visitvarazdin.hr\\\/wp-content\\\/uploads\\\/2021\\\/10\\\/cropped-logo-tzgv-200-retina-189x200-1.png\",\"contentUrl\":\"https:\\\/\\\/visitvarazdin.hr\\\/wp-content\\\/uploads\\\/2021\\\/10\\\/cropped-logo-tzgv-200-retina-189x200-1.png\",\"width\":189,\"height\":200,\"caption\":\"Turisti\u010dka zajednica grada Vara\u017edina\"},\"image\":{\"@id\":\"https:\\\/\\\/visitvarazdin.hr\\\/en\\\/#\\\/schema\\\/logo\\\/image\\\/\"}},{\"@type\":\"Person\",\"@id\":\"https:\\\/\\\/visitvarazdin.hr\\\/en\\\/#\\\/schema\\\/person\\\/b6bd78384bb32b393a4b1bdc638e23e6\",\"name\":\"Ana Zorman Klinec\",\"sameAs\":[\"http:\\\/\\\/www.visitvarazdin.hr\"],\"url\":\"https:\\\/\\\/visitvarazdin.hr\\\/en\\\/author\\\/tzgv\\\/\"}]}<\/script>\n<!-- \/ Yoast SEO plugin. -->","yoast_head_json":{"title":"Apartment Draga - Turisti\u010dka zajednica grada Vara\u017edina","robots":{"index":"index","follow":"follow","max-snippet":"max-snippet:-1","max-image-preview":"max-image-preview:large","max-video-preview":"max-video-preview:-1"},"canonical":"https:\/\/visitvarazdin.hr\/en\/apartman-draga\/","og_locale":"en_US","og_type":"article","og_title":"Apartment Draga - Turisti\u010dka zajednica grada Vara\u017edina","og_description":"Apartment Draga is a modern and comfortable apartment in Vara\u017edin, perfect for a vacation, short stay or business trip. It is located in a quiet location, just a few minutes walk from the Varteks Stadium and a short distance from the city center. The apartment is adapted for a comfortable stay and offers everything necessary [&hellip;]","og_url":"https:\/\/visitvarazdin.hr\/en\/apartman-draga\/","og_site_name":"Turisti\u010dka zajednica grada Vara\u017edina","article_published_time":"2022-04-09T10:00:07+00:00","article_modified_time":"2026-04-02T11:13:42+00:00","author":"Ana Zorman Klinec","twitter_card":"summary_large_image","twitter_misc":{"Written by":"Ana Zorman Klinec","Est. reading time":"1 minute"},"schema":{"@context":"https:\/\/schema.org","@graph":[{"@type":"Article","@id":"https:\/\/visitvarazdin.hr\/en\/apartman-draga\/#article","isPartOf":{"@id":"https:\/\/visitvarazdin.hr\/en\/apartman-draga\/"},"author":{"name":"Ana Zorman Klinec","@id":"https:\/\/visitvarazdin.hr\/en\/#\/schema\/person\/b6bd78384bb32b393a4b1bdc638e23e6"},"headline":"Apartment Draga","datePublished":"2022-04-09T10:00:07+00:00","dateModified":"2026-04-02T11:13:42+00:00","mainEntityOfPage":{"@id":"https:\/\/visitvarazdin.hr\/en\/apartman-draga\/"},"wordCount":95,"publisher":{"@id":"https:\/\/visitvarazdin.hr\/en\/#organization"},"articleSection":["Smje\u0161taj"],"inLanguage":"en-US"},{"@type":"WebPage","@id":"https:\/\/visitvarazdin.hr\/en\/apartman-draga\/","url":"https:\/\/visitvarazdin.hr\/en\/apartman-draga\/","name":"Apartment Draga - Turisti\u010dka zajednica grada Vara\u017edina","isPartOf":{"@id":"https:\/\/visitvarazdin.hr\/en\/#website"},"datePublished":"2022-04-09T10:00:07+00:00","dateModified":"2026-04-02T11:13:42+00:00","breadcrumb":{"@id":"https:\/\/visitvarazdin.hr\/en\/apartman-draga\/#breadcrumb"},"inLanguage":"en-US","potentialAction":[{"@type":"ReadAction","target":["https:\/\/visitvarazdin.hr\/en\/apartman-draga\/"]}]},{"@type":"BreadcrumbList","@id":"https:\/\/visitvarazdin.hr\/en\/apartman-draga\/#breadcrumb","itemListElement":[{"@type":"ListItem","position":1,"name":"Po\u010detna stranica","item":"https:\/\/visitvarazdin.hr\/en\/"},{"@type":"ListItem","position":2,"name":"Apartment Draga"}]},{"@type":"WebSite","@id":"https:\/\/visitvarazdin.hr\/en\/#website","url":"https:\/\/visitvarazdin.hr\/en\/","name":"Turisti\u010dka zajednica grada Vara\u017edina","description":"","publisher":{"@id":"https:\/\/visitvarazdin.hr\/en\/#organization"},"potentialAction":[{"@type":"SearchAction","target":{"@type":"EntryPoint","urlTemplate":"https:\/\/visitvarazdin.hr\/en\/?s={search_term_string}"},"query-input":{"@type":"PropertyValueSpecification","valueRequired":true,"valueName":"search_term_string"}}],"inLanguage":"en-US"},{"@type":"Organization","@id":"https:\/\/visitvarazdin.hr\/en\/#organization","name":"Turisti\u010dka zajednica grada Vara\u017edina","url":"https:\/\/visitvarazdin.hr\/en\/","logo":{"@type":"ImageObject","inLanguage":"en-US","@id":"https:\/\/visitvarazdin.hr\/en\/#\/schema\/logo\/image\/","url":"https:\/\/visitvarazdin.hr\/wp-content\/uploads\/2021\/10\/cropped-logo-tzgv-200-retina-189x200-1.png","contentUrl":"https:\/\/visitvarazdin.hr\/wp-content\/uploads\/2021\/10\/cropped-logo-tzgv-200-retina-189x200-1.png","width":189,"height":200,"caption":"Turisti\u010dka zajednica grada Vara\u017edina"},"image":{"@id":"https:\/\/visitvarazdin.hr\/en\/#\/schema\/logo\/image\/"}},{"@type":"Person","@id":"https:\/\/visitvarazdin.hr\/en\/#\/schema\/person\/b6bd78384bb32b393a4b1bdc638e23e6","name":"Ana Zorman Klinec","sameAs":["http:\/\/www.visitvarazdin.hr"],"url":"https:\/\/visitvarazdin.hr\/en\/author\/tzgv\/"}]}},"_links":{"self":[{"href":"https:\/\/visitvarazdin.hr\/en\/wp-json\/wp\/v2\/posts\/34609","targetHints":{"allow":["GET"]}}],"collection":[{"href":"https:\/\/visitvarazdin.hr\/en\/wp-json\/wp\/v2\/posts"}],"about":[{"href":"https:\/\/visitvarazdin.hr\/en\/wp-json\/wp\/v2\/types\/post"}],"author":[{"embeddable":true,"href":"https:\/\/visitvarazdin.hr\/en\/wp-json\/wp\/v2\/users\/6"}],"replies":[{"embeddable":true,"href":"https:\/\/visitvarazdin.hr\/en\/wp-json\/wp\/v2\/comments?post=34609"}],"version-history":[{"count":1,"href":"https:\/\/visitvarazdin.hr\/en\/wp-json\/wp\/v2\/posts\/34609\/revisions"}],"predecessor-version":[{"id":34610,"href":"https:\/\/visitvarazdin.hr\/en\/wp-json\/wp\/v2\/posts\/34609\/revisions\/34610"}],"wp:attachment":[{"href":"https:\/\/visitvarazdin.hr\/en\/wp-json\/wp\/v2\/media?parent=34609"}],"wp:term":[{"taxonomy":"category","embeddable":true,"href":"https:\/\/visitvarazdin.hr\/en\/wp-json\/wp\/v2\/categories?post=34609"},{"taxonomy":"post_tag","embeddable":true,"href":"https:\/\/visitvarazdin.hr\/en\/wp-json\/wp\/v2\/tags?post=34609"}],"curies":[{"name":"wp","href":"https:\/\/api.w.org\/{rel}","templated":true}]}}